{"id":208148,"date":"2025-06-27T10:51:22","date_gmt":"2025-06-27T10:51:22","guid":{"rendered":"https:\/\/www.europesays.com\/fr\/208148\/"},"modified":"2025-06-27T10:51:22","modified_gmt":"2025-06-27T10:51:22","slug":"katsushika-hokusai-les-toiles-du-plus-celebre-peintre-japonais-exposees-au-musee-dhistoire-de-nantes","status":"publish","type":"post","link":"https:\/\/www.europesays.com\/fr\/208148\/","title":{"rendered":"Katsushika Hokusai: les toiles du plus c\u00e9l\u00e8bre peintre japonais expos\u00e9es au mus\u00e9e d&rsquo;histoire de Nantes"},"content":{"rendered":"<p>Des plus de 160 oeuvres expos\u00e9es, certaines n&rsquo;avaient jusqu&rsquo;ici jamais quitt\u00e9 le Japon. Le mus\u00e9e d&rsquo;histoire de Nantes consacre \u00e0 partir de samedi, et pour l&rsquo;\u00e9t\u00e9, une exposition au peintre et ma\u00eetre de l&rsquo;estampe Hokusai, ponctu\u00e9e de perles rares.<\/p>\n<p>L&rsquo;ensemble des estampes, peintures, dessins et paravents proviennent du mus\u00e9e Hokusai-Kan d&rsquo;Obuse, village au coeur des montagnes \u00e0 environ 220 kilom\u00e8tres de Tokyo, o\u00f9 Hokusai (1760-1849) a v\u00e9cu \u00e0 la fin de sa vie. Mus\u00e9e majeur d\u00e9di\u00e9 au peintre, il poss\u00e8de plusieurs centaines de ses oeuvres.<\/p>\n<p>L&rsquo;exposition nantaise pr\u00e9sente \u00e0 la fois l&rsquo;oeuvre la plus c\u00e9l\u00e8bre de l&rsquo;artiste, l&rsquo;estampe\u00a0\u00ab\u00a0Sous la vague au large de Kanagawa\u00a0\u00bb dite \u00ab\u00a0La Grande Vague\u00a0\u00bb, et des dessins et peintures moins connus du grand public.<\/p>\n<p>Le parcours s&rsquo;ouvre sur le motif de l&rsquo;eau, pr\u00e9gnant dans l&rsquo;oeuvre de Hokusai, sous forme de vagues mais aussi de lacs ou de cascades, et sur la s\u00e9rie des \u00ab\u00a0Trente-six vues du mont Fuji\u00a0\u00bb, au sein de laquelle figure sa plus fameuse gravure.<\/p>\n<p><a href=\"https:\/\/www.geo.fr\/voyage\/l-oeil-de-geo-les-sublimes-estampes-du-edo-tokyo-museum-exposees-a-paris-223883\" rel=\"nofollow noopener\" target=\"_blank\">Exposer <\/a>cette \u00ab\u00a0image universelle, connue dans le monde entier\u00a0\u00bb, est un \u00ab\u00a0immense privil\u00e8ge\u00a0\u00bb, affirme Bertrand Guillet, directeur du mus\u00e9e d&rsquo;histoire de Nantes et commissaire de l&rsquo;exposition. La grande vague de Kanagawa \u00ab\u00a0est une oeuvre tellement connue que certains la connaissent sans conna\u00eetre l&rsquo;artiste.\u00a0\u00bb<\/p>\n<p>Il se r\u00e9jouit aussi de faire d\u00e9couvrir aux visiteurs des oeuvres \u00ab\u00a0rarissimes\u00a0\u00bb.<\/p>\n<p>La Nature, un th\u00e8me cher \u00e0 Hokusai<\/p>\n<p>Le mus\u00e9e a choisi de pr\u00e9senter l&rsquo;art de Hokusai en d\u00e9taillant les grandes th\u00e9matiques qui traversent son oeuvre plut\u00f4t qu&rsquo;en suivant un fil biographique.<\/p>\n<p>Il explore ses cr\u00e9ations \u00e0 travers diff\u00e9rents prismes, notamment son rapport \u00e0 la nature, omnipr\u00e9sente. Faucon, saumon, souris, moineau&#8230; L&rsquo;oeuvre de Hokusai\u00a0fourmille d&rsquo;animaux croqu\u00e9s avec r\u00e9alisme, ou pour leur symbolique.<\/p>\n<p>L&rsquo;exposition examine aussi la confrontation de l&rsquo;artiste aux paysages qu&rsquo;il sublime, et notamment au <a href=\"https:\/\/www.geo.fr\/voyage\/comment-visiter-le-mythique-mont-fuji-226645\" rel=\"nofollow noopener\" target=\"_blank\">mont Fuji<\/a>, th\u00e8me de pr\u00e9dilection tout au long de sa vie.<\/p>\n<p>Hokusai a \u00e9galement consacr\u00e9 de nombreuses estampes et peintures sur soie aux beaut\u00e9s f\u00e9minines de l&rsquo;\u00e9poque <a href=\"https:\/\/www.geo.fr\/histoire\/a-quoi-ressemblait-edo-la-future-ville-de-tokyo-215737\" rel=\"nofollow noopener\" target=\"_blank\">Edo<\/a>, aristocrates, danseuses ou courtisanes. Une ombrelle \u00e0 la main, kimono aux couleurs d\u00e9licates, elles figurent seules, \u00e0 plusieurs, sur fond blanc ou \u00e0 l&rsquo;ombre d&rsquo;un arbre.<\/p>\n<p>Au long de sa vie, Hokusai\u00a0a chang\u00e9 de nombreuses fois de nom, sa signature variant d&rsquo;une oeuvre \u00e0 l&rsquo;autre, en \u00e9cho \u00e0 des p\u00e9riodes de vie ou de cr\u00e9ation.<\/p>\n<p>\u00ab\u00a0Nous sommes tr\u00e8s contents de pr\u00e9senter ces oeuvres en France. Elles vont \u00e0 la rencontre d&rsquo;un public nouveau\u00a0\u00bb, a d\u00e9clar\u00e9 Miyuki Arai, conservatrice au mus\u00e9e d&rsquo;Obuse, qui assistait \u00e0 Nantes \u00e0 l&rsquo;accrochage des oeuvres.<\/p>\n<p>L&rsquo;exposition est pr\u00e9sent\u00e9e au ch\u00e2teau des ducs de Bretagne jusqu&rsquo;au 7 septembre, avant d&rsquo;\u00eatre montr\u00e9e \u00e0 l&rsquo;automne au mus\u00e9e d&rsquo;Obuse.<\/p>\n","protected":false},"excerpt":{"rendered":"Des plus de 160 oeuvres expos\u00e9es, certaines n&rsquo;avaient jusqu&rsquo;ici jamais quitt\u00e9 le Japon. Le mus\u00e9e d&rsquo;histoire de Nantes&hellip;\n","protected":false},"author":2,"featured_media":208149,"comment_status":"","ping_status":"","sticky":false,"template":"","format":"standard","meta":{"footnotes":""},"categories":[1358],"tags":[1348,1384,1385,1386,58,59,1011,27],"class_list":{"0":"post-208148","1":"post","2":"type-post","3":"status-publish","4":"format-standard","5":"has-post-thumbnail","7":"category-arts-et-design","8":"tag-arts","9":"tag-arts-and-design","10":"tag-arts-et-design","11":"tag-design","12":"tag-divertissement","13":"tag-entertainment","14":"tag-fr","15":"tag-france"},"share_on_mastodon":{"url":"https:\/\/pubeurope.com\/@fr\/114754950467379218","error":""},"_links":{"self":[{"href":"https:\/\/www.europesays.com\/fr\/wp-json\/wp\/v2\/posts\/208148","targetHints":{"allow":["GET"]}}],"collection":[{"href":"https:\/\/www.europesays.com\/fr\/wp-json\/wp\/v2\/posts"}],"about":[{"href":"https:\/\/www.europesays.com\/fr\/wp-json\/wp\/v2\/types\/post"}],"author":[{"embeddable":true,"href":"https:\/\/www.europesays.com\/fr\/wp-json\/wp\/v2\/users\/2"}],"replies":[{"embeddable":true,"href":"https:\/\/www.europesays.com\/fr\/wp-json\/wp\/v2\/comments?post=208148"}],"version-history":[{"count":0,"href":"https:\/\/www.europesays.com\/fr\/wp-json\/wp\/v2\/posts\/208148\/revisions"}],"wp:featuredmedia":[{"embeddable":true,"href":"https:\/\/www.europesays.com\/fr\/wp-json\/wp\/v2\/media\/208149"}],"wp:attachment":[{"href":"https:\/\/www.europesays.com\/fr\/wp-json\/wp\/v2\/media?parent=208148"}],"wp:term":[{"taxonomy":"category","embeddable":true,"href":"https:\/\/www.europesays.com\/fr\/wp-json\/wp\/v2\/categories?post=208148"},{"taxonomy":"post_tag","embeddable":true,"href":"https:\/\/www.europesays.com\/fr\/wp-json\/wp\/v2\/tags?post=208148"}],"curies":[{"name":"wp","href":"https:\/\/api.w.org\/{rel}","templated":true}]}}