{"id":208157,"date":"2025-06-27T10:56:09","date_gmt":"2025-06-27T10:56:09","guid":{"rendered":"https:\/\/www.europesays.com\/fr\/208157\/"},"modified":"2025-06-27T10:56:09","modified_gmt":"2025-06-27T10:56:09","slug":"celine-41-ans-et-atteinte-du-cancer-du-colon-est-decedee-ce-jeudi-elle-sest-battue-jusquau-bout","status":"publish","type":"post","link":"https:\/\/www.europesays.com\/fr\/208157\/","title":{"rendered":"C\u00e9line, 41 ans et atteinte du cancer du colon, est d\u00e9c\u00e9d\u00e9e ce jeudi\u00a0: \u00ab\u00a0Elle s\u2019est battue jusqu\u2019au bout\u00a0\u00bb"},"content":{"rendered":"<p>C\u00e9line, 41 ans, hospitalis\u00e9e \u00e0 la clinique de Sainte-Clotilde, est d\u00e9c\u00e9d\u00e9e ce jeudi 26 juin des suites de son cancer. Le mois dernier, elle avait t\u00e9moign\u00e9 dans le cadre d\u2019un reportage sur les soins palliatifs.<\/p>\n<p>La fille de C\u00e9line a annonc\u00e9 son d\u00e9c\u00e8s. La m\u00e8re de famille est d\u00e9c\u00e9d\u00e9e ce jeudi 26 juin \u00e0 l\u2019\u00e2ge de 41 ans des suites de son cancer du colon.\u00a0<\/p>\n<p>\u00ab\u00a0Notre m\u00e8re est une femme forte\u00a0qui s\u2019est battue jusqu\u2019au bout pour ses enfants.\u00a0Malgr\u00e9 la maladie, \u00e0 nos yeux, elle est sortie gagnante du combat gr\u00e2ce \u00e0 son mental et sa force incroyable. Nous sommes fi\u00e8rs\u00a0d\u2019elle et de son parcours. On t\u2019aime maman, repose en paix\u00a0\u00bb<\/p>\n<p>Le mois dernier, nous nous sommes rendus \u00e0 la clinique de Sainte-Clotilde dans <strong><a href=\"https:\/\/www.linfo.re\/la-reunion\/societe\/celine-est-en-soins-palliatifs-depuis-plusieurs-semaines-ils-cherchent-le-bien-etre-des-patients\" target=\"_blank\" rel=\"noopener\">le cadre d\u2019un reportage sur les soins palliatifs.<\/a><\/strong> C\u00e9line \u00e9tait hospitalis\u00e9e depuis plusieurs semaines. Elle ne voulait pas parler de fin de vie, son objectif \u00e9tait de retrouver un jour son domicile.\u00a0<\/p>\n<p>Notre r\u00e9daction pr\u00e9sente ses condol\u00e9ances \u00e0 la famille de C\u00e9line.\u00a0<\/p>\n","protected":false},"excerpt":{"rendered":"C\u00e9line, 41 ans, hospitalis\u00e9e \u00e0 la clinique de Sainte-Clotilde, est d\u00e9c\u00e9d\u00e9e ce jeudi 26 juin des suites de&hellip;\n","protected":false},"author":2,"featured_media":208158,"comment_status":"","ping_status":"","sticky":false,"template":"","format":"standard","meta":{"footnotes":""},"categories":[10],"tags":[47,118,1011,27,72,6335,1922,6336,7224,71],"class_list":{"0":"post-208157","1":"post","2":"type-post","3":"status-publish","4":"format-standard","5":"has-post-thumbnail","7":"category-sante","8":"tag-actualite","9":"tag-faits-divers","10":"tag-fr","11":"tag-france","12":"tag-health","13":"tag-home-page","14":"tag-info","15":"tag-la-reunion","16":"tag-newsletter-soir","17":"tag-sante"},"share_on_mastodon":{"url":"https:\/\/pubeurope.com\/@fr\/114754970541665302","error":""},"_links":{"self":[{"href":"https:\/\/www.europesays.com\/fr\/wp-json\/wp\/v2\/posts\/208157","targetHints":{"allow":["GET"]}}],"collection":[{"href":"https:\/\/www.europesays.com\/fr\/wp-json\/wp\/v2\/posts"}],"about":[{"href":"https:\/\/www.europesays.com\/fr\/wp-json\/wp\/v2\/types\/post"}],"author":[{"embeddable":true,"href":"https:\/\/www.europesays.com\/fr\/wp-json\/wp\/v2\/users\/2"}],"replies":[{"embeddable":true,"href":"https:\/\/www.europesays.com\/fr\/wp-json\/wp\/v2\/comments?post=208157"}],"version-history":[{"count":0,"href":"https:\/\/www.europesays.com\/fr\/wp-json\/wp\/v2\/posts\/208157\/revisions"}],"wp:featuredmedia":[{"embeddable":true,"href":"https:\/\/www.europesays.com\/fr\/wp-json\/wp\/v2\/media\/208158"}],"wp:attachment":[{"href":"https:\/\/www.europesays.com\/fr\/wp-json\/wp\/v2\/media?parent=208157"}],"wp:term":[{"taxonomy":"category","embeddable":true,"href":"https:\/\/www.europesays.com\/fr\/wp-json\/wp\/v2\/categories?post=208157"},{"taxonomy":"post_tag","embeddable":true,"href":"https:\/\/www.europesays.com\/fr\/wp-json\/wp\/v2\/tags?post=208157"}],"curies":[{"name":"wp","href":"https:\/\/api.w.org\/{rel}","templated":true}]}}