{"id":208168,"date":"2025-06-27T11:02:12","date_gmt":"2025-06-27T11:02:12","guid":{"rendered":"https:\/\/www.europesays.com\/fr\/208168\/"},"modified":"2025-06-27T11:02:12","modified_gmt":"2025-06-27T11:02:12","slug":"apres-avoir-denonce-une-chute-dactivite-a-cause-des-travaux-a-lyon-le-gerant-du-bar-405-recadre-par-la-mairie","status":"publish","type":"post","link":"https:\/\/www.europesays.com\/fr\/208168\/","title":{"rendered":"Apr\u00e8s avoir d\u00e9nonc\u00e9 une chute d&rsquo;activit\u00e9 \u00e0 cause des travaux \u00e0 Lyon, le g\u00e9rant du bar 405 recadr\u00e9 par la mairie"},"content":{"rendered":"<p>Depuis un mois, les travaux en cours rue de la Lanterne, dans le 1er arrondissement de Lyon, perturbent fortement l\u2019activit\u00e9 du bar 405. Son g\u00e9rant d\u00e9non\u00e7ait \u00e0 nos confr\u00e8res de BFM Lyon, une perte de 95 % de fr\u00e9quentation, des cong\u00e9s impos\u00e9s pour ses salari\u00e9s et un chiffre d\u2019affaires en chute libre. Ce dernier avait ainsi maintenu son activit\u00e9 en installant sa terrasse au c\u0153ur m\u00eame du chantier.<\/p>\n<p>Une m\u00e9diatisation que la mairie du 1er arrondissement n\u2019a pas laiss\u00e9e sans r\u00e9ponse.<\/p>\n<p>Dans une lettre rendue publique et adress\u00e9e au responsable du bar, la maire \u00e9cologiste\u00a0Yasmine Bouagga et son adjoint Bertrand Pinoteau d\u00e9noncent une\u00a0\u00ab\u00a0s\u00e9quence m\u00e9diatique mont\u00e9e de toutes pi\u00e8ces\u00a0\u00bb, tout en rappelant les \u00e9changes initi\u00e9s en amont du chantier.<\/p>\n<p>\u00ab\u00a0D\u00e8s que nous avons eu connaissance du calendrier des travaux, les services de la ville vous ont contact\u00e9 pour planifier un rendez-vous le 12 f\u00e9vrier 2025, soit plus de 3 mois avant le d\u00e9but du chantier\u00a0\u00bb, affirment les deux \u00e9lus.\u00a0<\/p>\n<p>La mairie insiste sur l\u2019accompagnement apport\u00e9 concernant la terrasse du bar, d\u00e9plac\u00e9e pour rester exploitable malgr\u00e9 les travaux : \u00ab\u00a0La DECA a pris soin de vous accompagner pour que vous puissiez continuer \u00e0 exploiter une terrasse, en l\u2019installant l\u00e9g\u00e8rement d\u00e9cal\u00e9e.\u00a0\u00bb<\/p>\n<p><strong>\u00ab\u00a0Votre terrasse sera bien plus agr\u00e9able\u00a0\u00bb<\/strong><\/p>\n<p>Ces derniers assurent \u00e9galement avoir maintenu un lien r\u00e9gulier : \u00ab\u00a0par mails, par \u00e9changes sur place\u00a0\u00bb, et lors d\u2019une r\u00e9union pr\u00e9paratoire le 13 mai, \u00ab\u00a0\u00e0 laquelle vous \u00e9tiez invit\u00e9\u00a0\u00bb.<\/p>\n<p>La municipalit\u00e9 regrette que le g\u00e9rant ait choisi la voie m\u00e9diatique plut\u00f4t que le dialogue direct : \u00ab\u00a0Nous avons \u00e9galement tent\u00e9, \u00e0 la suite de vos messages parfois tr\u00e8s virulents, de renouer un dialogue plus direct [\u2026]. Vous n\u2019avez pas donn\u00e9 suite \u00e0 ces propositions et n\u2019\u00e9tiez pas pr\u00e9sent lors de cette r\u00e9union.\u00a0\u00bb<\/p>\n<p>Les \u00e9lus ajoutent : \u00ab\u00a0Vous oubliez d\u2019ailleurs de pr\u00e9ciser que nous autorisons certains usages de votre \u00e9tablissement dans la Galerie des Terreaux, propri\u00e9t\u00e9 de la ville de Lyon, sans aucune contrepartie.\u00a0\u00bb<\/p>\n<p>Le courrier rappelle \u00e9galement les b\u00e9n\u00e9fices \u00e0 venir du chantier pour les commerces, notamment une am\u00e9lioration de la qualit\u00e9 de l\u2019espace public : \u00ab\u00a0Votre terrasse sera bien plus agr\u00e9able avec les nuisances ainsi largement r\u00e9duites gr\u00e2ce \u00e0 un trafic de transit supprim\u00e9. Les trottoirs ont \u00e9t\u00e9 \u00e9largis et vous n\u2019avez pas manqu\u00e9 d\u2019en profiter tr\u00e8s rapidement puisque vous avez install\u00e9 des tables suppl\u00e9mentaires.\u00a0\u00bb<\/p>\n<p>Enfin, ils appellent au respect dans les \u00e9changes : \u00ab\u00a0Les menaces prof\u00e9r\u00e9es aux agents fonctionnaires de la ville de Lyon et de la M\u00e9tropole de faire appel \u00e0 la presse ne sont pas acceptables.\u00a0Si vous avez des remarques ou interrogations, je vous invite \u00e0 vous adresser aux \u00e9lus concern\u00e9s\u00a0[\u2026]\u00a0 La mairie du 1\u00ba arrondissement reste attentive \u00e0 la conciliation des diff\u00e9rents usages de l&rsquo;espace public qui font le dynamisme de notre territoire, et vous y serez toujours bienvenu, dans un dialogue respectueux.\u00a0\u00bb<\/p>\n","protected":false},"excerpt":{"rendered":"Depuis un mois, les travaux en cours rue de la Lanterne, dans le 1er arrondissement de Lyon, perturbent&hellip;\n","protected":false},"author":2,"featured_media":208169,"comment_status":"","ping_status":"","sticky":false,"template":"","format":"standard","meta":{"footnotes":""},"categories":[4],"tags":[1111,11,2813,2190,1109,251,1112,2811,118,1011,27,1922,1110,1114,2428,2810,12,241,316,25,2812,517,800],"class_list":{"0":"post-208168","1":"post","2":"type-post","3":"status-publish","4":"format-standard","5":"has-post-thumbnail","7":"category-france","8":"tag-actu","9":"tag-actualites","10":"tag-article","11":"tag-asvel","12":"tag-breves","13":"tag-culture","14":"tag-depeches","15":"tag-economique","16":"tag-faits-divers","17":"tag-fr","18":"tag-france","19":"tag-info","20":"tag-informations","21":"tag-infos","22":"tag-lyon","23":"tag-lyonmag","24":"tag-news","25":"tag-ol","26":"tag-politique","27":"tag-republique-francaise","28":"tag-sociale","29":"tag-sport","30":"tag-transports"},"share_on_mastodon":{"url":"https:\/\/pubeurope.com\/@fr\/114754993759575330","error":""},"_links":{"self":[{"href":"https:\/\/www.europesays.com\/fr\/wp-json\/wp\/v2\/posts\/208168","targetHints":{"allow":["GET"]}}],"collection":[{"href":"https:\/\/www.europesays.com\/fr\/wp-json\/wp\/v2\/posts"}],"about":[{"href":"https:\/\/www.europesays.com\/fr\/wp-json\/wp\/v2\/types\/post"}],"author":[{"embeddable":true,"href":"https:\/\/www.europesays.com\/fr\/wp-json\/wp\/v2\/users\/2"}],"replies":[{"embeddable":true,"href":"https:\/\/www.europesays.com\/fr\/wp-json\/wp\/v2\/comments?post=208168"}],"version-history":[{"count":0,"href":"https:\/\/www.europesays.com\/fr\/wp-json\/wp\/v2\/posts\/208168\/revisions"}],"wp:featuredmedia":[{"embeddable":true,"href":"https:\/\/www.europesays.com\/fr\/wp-json\/wp\/v2\/media\/208169"}],"wp:attachment":[{"href":"https:\/\/www.europesays.com\/fr\/wp-json\/wp\/v2\/media?parent=208168"}],"wp:term":[{"taxonomy":"category","embeddable":true,"href":"https:\/\/www.europesays.com\/fr\/wp-json\/wp\/v2\/categories?post=208168"},{"taxonomy":"post_tag","embeddable":true,"href":"https:\/\/www.europesays.com\/fr\/wp-json\/wp\/v2\/tags?post=208168"}],"curies":[{"name":"wp","href":"https:\/\/api.w.org\/{rel}","templated":true}]}}