{"id":208172,"date":"2025-06-27T11:04:16","date_gmt":"2025-06-27T11:04:16","guid":{"rendered":"https:\/\/www.europesays.com\/fr\/208172\/"},"modified":"2025-06-27T11:04:16","modified_gmt":"2025-06-27T11:04:16","slug":"loire-a-firminy-les-futures-assistantes-sociales-inquietent-pour-leur-cursus","status":"publish","type":"post","link":"https:\/\/www.europesays.com\/fr\/208172\/","title":{"rendered":"Loire. \u00c0 Firminy, les futures assistantes sociales inqui\u00e8tent pour leur cursus"},"content":{"rendered":"<p>Elles ont donn\u00e9 de la voix et de la corne de brume. Les \u00e9tudiantes de Enseis ont manifest\u00e9 bruyamment leur m\u00e9contentement, mercredi 25 et jeudi 26 juin, \u00e0 Firminy, devant le portail de l\u2019\u00e9cole.<\/p>\n<p>Elles alertent sur les carences dans leur formation d\u2019assistantes sociales. \u00ab\u00a0Beaucoup de professeurs ne sont pas remplac\u00e9s. Parfois, nous sommes dans l\u2019autoformation et c\u2019est une situation qui dure depuis plusieurs mois\u00a0\u00bb, dit l\u2019une.<\/p>\n<p>  \u00ab\u00a0Formateurs non remplac\u00e9s, \u00e9tudiants en danger\u00a0\u00bb<\/p>\n<p>Elles d\u00e9noncent le manque de professeurs car elles prennent les choses \u00e0 c\u0153ur. Quatre directeurs <a href=\"https:\/\/www.leprogres.fr\/education\/2025\/01\/19\/les-carrieres-sociales-les-projets-de-l-enseis-pour-ses-etudiants\" target=\"_blank\" rel=\"nofollow noopener\">se sont succ\u00e9d\u00e9 \u00e0 la t\u00eate de l\u2019\u00e9tablissement<\/a>, dont deux l\u2019an pass\u00e9. \u00ab\u00a0Toutes les formations sociales sont impact\u00e9es\u00a0\u00bb, souffle une autre. Dans ce contexte anxiog\u00e8ne, o\u00f9 le travail social semble mis \u00e0 mal, elles ont re\u00e7u le soutien des trois autres \u00e9tablissements bas\u00e9s \u00e0 Annecy, La Ravoire et Bourg-en-Bresse.<\/p>\n<p>\u00ab\u00a0On alerte, on nous \u00e9coute, mais il n\u2019y a rien qui bouge\u00a0\u00bb ajoute notre interlocutrice. \u00ab\u00a0C\u2019est d\u00e9sesp\u00e9rant et inqui\u00e9tant \u00e0 la fois. C\u2019est notre avenir qui se joue aussi\u00a0\u00bb. Parmi les slogans en \u00e9vidence au bord de la rue pour sensibiliser les citoyens, on peut lire\u00a0: <a href=\"https:\/\/www.leprogres.fr\/education\/2023\/03\/30\/blocus-a-l-enseis-les-etudiants-fustigent-un-enseignement-degrade\" target=\"_blank\" rel=\"nofollow noopener\">\u00ab\u00a0Formateurs non remplac\u00e9s, \u00e9tudiants en danger. \u00bb<\/a><\/p>\n<p>Les faibles moyens accord\u00e9s au secteur social risquent de produire des \u00ab\u00a0bombes\u00a0\u00bb \u00e0 retardement. \u00ab\u00a0On soigne les maux de la soci\u00e9t\u00e9\u00a0\u00bb dit D\u00e9borah, une \u00e9tudiante de premi\u00e8re ann\u00e9e.<\/p>\n<p>  La direction \u00ab\u00a0comprend parfaitement leurs inqui\u00e9tudes\u00a0\u00bb<\/p>\n<p>Face \u00e0 l\u2019absence de formateurs, Anna souligne une situation r\u00e9currente\u00a0: \u00ab\u00a0On ne sait pas \u00e0 qui s\u2019adresser pour les stages. J\u2019ai eu un probl\u00e8me de r\u00e9f\u00e9rent, j\u2019ai d\u00fb le voir deux fois en deux ans. On a des certifications \u00e0 passer et on n\u2019a pas de formations\u2026 Il n\u2019y a un manque de soutien, on se sent seule. \u00bb<\/p>\n<p>Les \u00e9tudiantes ont \u00e9t\u00e9 re\u00e7ues par le directeur, Damine Verhille, mais estiment que \u00ab\u00a0la r\u00e9union n\u2019a pas \u00e9t\u00e9 concluante\u00a0\u00bb. Damien Verhille, lui, \u00ab\u00a0a bien conscience des difficult\u00e9s auxquelles sont confront\u00e9s les \u00e9tudiants et apprenants\u00a0\u00bb.<\/p>\n<p>S\u2019il ne soutient pas la forme qu\u2019a pris ce mouvement, \u00ab\u00a0il les soutient sur le fond et comprend parfaitement leurs inqui\u00e9tudes. L\u2019Enseis est actuellement dans une p\u00e9riode d\u00e9licate, comme le secteur social en g\u00e9n\u00e9ral ou d\u2019autres centres de formation au niveau national. La direction s\u2019est toutefois engag\u00e9e \u00e0 trouver ses solutions rapidement afin que les \u00e9tudiants puissent terminer leurs cours cette ann\u00e9e et d\u00e9marrer la prochaine ann\u00e9e scolaire sereinement. \u00bb<\/p>\n","protected":false},"excerpt":{"rendered":"Elles ont donn\u00e9 de la voix et de la corne de brume. Les \u00e9tudiantes de Enseis ont manifest\u00e9&hellip;\n","protected":false},"author":2,"featured_media":208173,"comment_status":"","ping_status":"","sticky":false,"template":"","format":"standard","meta":{"footnotes":""},"categories":[9653],"tags":[1111,11,2430,7539,1057,4854,1777,674,10282,10283,1011,27,3367,12,25,4001,801],"class_list":{"0":"post-208172","1":"post","2":"type-post","3":"status-publish","4":"format-standard","5":"has-post-thumbnail","7":"category-saint-etienne","8":"tag-actu","9":"tag-actualites","10":"tag-auvergne-rhone-alpes","11":"tag-edition-loire-sud","12":"tag-education","13":"tag-enseignement-superieur","14":"tag-eu","15":"tag-europe","16":"tag-firminy","17":"tag-firminy-ville","18":"tag-fr","19":"tag-france","20":"tag-loire","21":"tag-news","22":"tag-republique-francaise","23":"tag-saint-etienne","24":"tag-social"},"share_on_mastodon":{"url":"https:\/\/pubeurope.com\/@fr\/114755002217452862","error":""},"_links":{"self":[{"href":"https:\/\/www.europesays.com\/fr\/wp-json\/wp\/v2\/posts\/208172","targetHints":{"allow":["GET"]}}],"collection":[{"href":"https:\/\/www.europesays.com\/fr\/wp-json\/wp\/v2\/posts"}],"about":[{"href":"https:\/\/www.europesays.com\/fr\/wp-json\/wp\/v2\/types\/post"}],"author":[{"embeddable":true,"href":"https:\/\/www.europesays.com\/fr\/wp-json\/wp\/v2\/users\/2"}],"replies":[{"embeddable":true,"href":"https:\/\/www.europesays.com\/fr\/wp-json\/wp\/v2\/comments?post=208172"}],"version-history":[{"count":0,"href":"https:\/\/www.europesays.com\/fr\/wp-json\/wp\/v2\/posts\/208172\/revisions"}],"wp:featuredmedia":[{"embeddable":true,"href":"https:\/\/www.europesays.com\/fr\/wp-json\/wp\/v2\/media\/208173"}],"wp:attachment":[{"href":"https:\/\/www.europesays.com\/fr\/wp-json\/wp\/v2\/media?parent=208172"}],"wp:term":[{"taxonomy":"category","embeddable":true,"href":"https:\/\/www.europesays.com\/fr\/wp-json\/wp\/v2\/categories?post=208172"},{"taxonomy":"post_tag","embeddable":true,"href":"https:\/\/www.europesays.com\/fr\/wp-json\/wp\/v2\/tags?post=208172"}],"curies":[{"name":"wp","href":"https:\/\/api.w.org\/{rel}","templated":true}]}}