{"id":208193,"date":"2025-06-27T11:17:09","date_gmt":"2025-06-27T11:17:09","guid":{"rendered":"https:\/\/www.europesays.com\/fr\/208193\/"},"modified":"2025-06-27T11:17:09","modified_gmt":"2025-06-27T11:17:09","slug":"un-festival-gratuit-de-musique-avec-des-djs-ce-week-end","status":"publish","type":"post","link":"https:\/\/www.europesays.com\/fr\/208193\/","title":{"rendered":"un festival gratuit de musique avec des DJ\u2019s ce week-end"},"content":{"rendered":"<p>            Par<br \/>\n        <strong><br \/>\n            <a href=\"https:\/\/actu.fr\/auteur\/redaction-jv\" title=\"Consulter tous les articles de R\u00e9daction Vitr\u00e9\" rel=\"nofollow noopener\" target=\"_blank\">R\u00e9daction Vitr\u00e9<\/a><br \/>\n        <\/strong><\/p>\n<p>        Publi\u00e9 le<\/p>\n<p>            27 juin 2025 \u00e0 11h24        <\/p>\n<p>Le festival Oss\u00e9 L\u2019Son est pr\u00e9vu samedi 28\u00a0juin, \u00e0 partir de 19\u2009h, au <b>terrain des sports d\u2019Oss\u00e9 \u00e0 Ch\u00e2teaugiron <\/b>(Ille-et-Vilaine).<\/p>\n<p class=\" wall-content\">Fabrice Lopin, en charge de la communication, annonce l\u2019\u00e9v\u00e9nement\u2009: \u00ab\u2009L\u2019esprit est de pouvoir proposer un moment populaire et <b>festif, gratuit<\/b>. Il prend au fil des ann\u00e9es de la dimension, mais nous souhaitons qu\u2019il demeure avant tout convivial et accessible \u00e0 tous.\u2009\u00bb<\/p>\n<p>Le programme<\/p>\n<p class=\" wall-content\">Au programme c\u00f4t\u00e9 musique, les groupes Pierrot Soleil et Les Nez Rouges, suivis \u00e0 partir de 23\u2009h d\u2019une soir\u00e9e dansante avec nos <b>DJ\u2019s Fabio et Lanig<\/b>.<\/p>\n<p class=\" wall-content\">\u00ab\u2009Pour cette 3e \u00e9dition, quelques am\u00e9liorations ont \u00e9t\u00e9 apport\u00e9es, car on grandit \u00e9dition apr\u00e8s \u00e9dition.\u2009\u00bb<\/p>\n<p class=\" wall-content\">C\u00f4t\u00e9 restauration, il y aura le choix entre un repas pr\u00e9par\u00e9 par la c\u00e9l\u00e8bre maison Gandon d\u2019Oss\u00e9, comprenant ap\u00e9ritif et jambon \u00e0 l\u2019os, frites et dessert (r\u00e9servation sur Hello Asso en tapant Oss\u00e9 l\u2019Son 2025 ou au 06\u200921\u200984\u200920\u200955) ou en service continu avec galettes, sandwich saucisses, frites, cr\u00eapes et l\u2019incontournable buvette.<\/p>\n<p>Vid\u00e9os : en ce moment sur Actu<\/p>\n<p class=\" wall-content\">Suivez toute l\u2019actualit\u00e9 de vos villes et m\u00e9dias favoris en vous inscrivant \u00e0 <a href=\"https:\/\/moncompte.actu.fr\" title=\"D\u00e9couvez Mon Actu\" rel=\"nofollow noopener\" data-trk=\"{&quot;cta&quot;:{&quot;action&quot;:&quot;https:\\\/\\\/moncompte.actu.fr&quot;,&quot;category&quot;:&quot;mon compte&quot;,&quot;from&quot;:&quot;article footer&quot;,&quot;name&quot;:&quot;Mon actu&quot;,&quot;type&quot;:&quot;cta&quot;}}\" target=\"_blank\">Mon Actu<\/a>.<\/p>\n","protected":false},"excerpt":{"rendered":"Par R\u00e9daction Vitr\u00e9 Publi\u00e9 le 27 juin 2025 \u00e0 11h24 Le festival Oss\u00e9 L\u2019Son est pr\u00e9vu samedi 28\u00a0juin,&hellip;\n","protected":false},"author":2,"featured_media":208194,"comment_status":"","ping_status":"","sticky":false,"template":"","format":"standard","meta":{"footnotes":""},"categories":[2821],"tags":[1111,11,1063,829,1697,1777,674,1011,27,1652,12,584,25],"class_list":{"0":"post-208193","1":"post","2":"type-post","3":"status-publish","4":"format-standard","5":"has-post-thumbnail","7":"category-rennes","8":"tag-actu","9":"tag-actualites","10":"tag-animations","11":"tag-bretagne","12":"tag-concert","13":"tag-eu","14":"tag-europe","15":"tag-fr","16":"tag-france","17":"tag-loisirs-culture","18":"tag-news","19":"tag-rennes","20":"tag-republique-francaise"},"share_on_mastodon":{"url":"https:\/\/pubeurope.com\/@fr\/114755052760555839","error":""},"_links":{"self":[{"href":"https:\/\/www.europesays.com\/fr\/wp-json\/wp\/v2\/posts\/208193","targetHints":{"allow":["GET"]}}],"collection":[{"href":"https:\/\/www.europesays.com\/fr\/wp-json\/wp\/v2\/posts"}],"about":[{"href":"https:\/\/www.europesays.com\/fr\/wp-json\/wp\/v2\/types\/post"}],"author":[{"embeddable":true,"href":"https:\/\/www.europesays.com\/fr\/wp-json\/wp\/v2\/users\/2"}],"replies":[{"embeddable":true,"href":"https:\/\/www.europesays.com\/fr\/wp-json\/wp\/v2\/comments?post=208193"}],"version-history":[{"count":0,"href":"https:\/\/www.europesays.com\/fr\/wp-json\/wp\/v2\/posts\/208193\/revisions"}],"wp:featuredmedia":[{"embeddable":true,"href":"https:\/\/www.europesays.com\/fr\/wp-json\/wp\/v2\/media\/208194"}],"wp:attachment":[{"href":"https:\/\/www.europesays.com\/fr\/wp-json\/wp\/v2\/media?parent=208193"}],"wp:term":[{"taxonomy":"category","embeddable":true,"href":"https:\/\/www.europesays.com\/fr\/wp-json\/wp\/v2\/categories?post=208193"},{"taxonomy":"post_tag","embeddable":true,"href":"https:\/\/www.europesays.com\/fr\/wp-json\/wp\/v2\/tags?post=208193"}],"curies":[{"name":"wp","href":"https:\/\/api.w.org\/{rel}","templated":true}]}}