{"id":208197,"date":"2025-06-27T11:19:11","date_gmt":"2025-06-27T11:19:11","guid":{"rendered":"https:\/\/www.europesays.com\/fr\/208197\/"},"modified":"2025-06-27T11:19:11","modified_gmt":"2025-06-27T11:19:11","slug":"la-ville-presente-son-4e-plan-daction","status":"publish","type":"post","link":"https:\/\/www.europesays.com\/fr\/208197\/","title":{"rendered":"la Ville pr\u00e9sente son 4e plan d\u2019action"},"content":{"rendered":"<p>\u00ab\u00a0C\u2019est le plan le plus concret et le plus ambitieux jamais propos\u00e9 pour faire vivre l\u2019\u00e9galit\u00e9 \u00e0 Strasbourg, ville f\u00e9ministe\u00a0\u00bb, a introduit Christelle Wieder lors <a href=\"https:\/\/www.dna.fr\/politique\/2025\/06\/23\/conseil-municipal-du-23-juin\" target=\"_blank\" rel=\"noopener\">du conseil municipal de Strasbourg<\/a> ce lundi 23\u00a0juin. \u00c0 cette occasion, la municipalit\u00e9 a fait adopter \u00e0 l\u2019unanimit\u00e9 son nouveau plan d\u2019action sur les droits des femmes et l\u2019\u00e9galit\u00e9 de genre pour la p\u00e9riode 2025\/2027.<\/p>\n<p>Sur une centaine de pages, le document issu du travail de la collectivit\u00e9 et de la Mission droits des femmes et \u00e9galit\u00e9 de genre d\u00e9taille 39 missions r\u00e9parties selon trois objectifs. Le premier vise \u00e0 garantir l\u2019\u00e9galit\u00e9 professionnelle des femmes et des hommes au sein de l\u2019administration m\u00e9tropolitaine \u00e0 travers la formation des repr\u00e9sentants syndicaux et \u00e9lus \u00e0 la pr\u00e9vention des discriminations et des violences sexistes et sexuelles (VSS), la correction des \u00e9carts&#8230;<\/p>\n","protected":false},"excerpt":{"rendered":"\u00ab\u00a0C\u2019est le plan le plus concret et le plus ambitieux jamais propos\u00e9 pour faire vivre l\u2019\u00e9galit\u00e9 \u00e0 Strasbourg,&hellip;\n","protected":false},"author":2,"featured_media":208198,"comment_status":"","ping_status":"","sticky":false,"template":"","format":"standard","meta":{"footnotes":""},"categories":[2820],"tags":[1111,11,1984,2880,1777,674,6757,107,1011,27,775,12,316,25,104,640,2879,1631],"class_list":{"0":"post-208197","1":"post","2":"type-post","3":"status-publish","4":"format-standard","5":"has-post-thumbnail","7":"category-strasbourg","8":"tag-actu","9":"tag-actualites","10":"tag-conseil-municipal","11":"tag-edition-strasbourg","12":"tag-eu","13":"tag-europe","14":"tag-feminisme","15":"tag-fil-info","16":"tag-fr","17":"tag-france","18":"tag-grand-est","19":"tag-news","20":"tag-politique","21":"tag-republique-francaise","22":"tag-societe","23":"tag-strasbourg","24":"tag-strasbourg-ville","25":"tag-vie-associative"},"share_on_mastodon":{"url":"https:\/\/pubeurope.com\/@fr\/114755060577640304","error":""},"_links":{"self":[{"href":"https:\/\/www.europesays.com\/fr\/wp-json\/wp\/v2\/posts\/208197","targetHints":{"allow":["GET"]}}],"collection":[{"href":"https:\/\/www.europesays.com\/fr\/wp-json\/wp\/v2\/posts"}],"about":[{"href":"https:\/\/www.europesays.com\/fr\/wp-json\/wp\/v2\/types\/post"}],"author":[{"embeddable":true,"href":"https:\/\/www.europesays.com\/fr\/wp-json\/wp\/v2\/users\/2"}],"replies":[{"embeddable":true,"href":"https:\/\/www.europesays.com\/fr\/wp-json\/wp\/v2\/comments?post=208197"}],"version-history":[{"count":0,"href":"https:\/\/www.europesays.com\/fr\/wp-json\/wp\/v2\/posts\/208197\/revisions"}],"wp:featuredmedia":[{"embeddable":true,"href":"https:\/\/www.europesays.com\/fr\/wp-json\/wp\/v2\/media\/208198"}],"wp:attachment":[{"href":"https:\/\/www.europesays.com\/fr\/wp-json\/wp\/v2\/media?parent=208197"}],"wp:term":[{"taxonomy":"category","embeddable":true,"href":"https:\/\/www.europesays.com\/fr\/wp-json\/wp\/v2\/categories?post=208197"},{"taxonomy":"post_tag","embeddable":true,"href":"https:\/\/www.europesays.com\/fr\/wp-json\/wp\/v2\/tags?post=208197"}],"curies":[{"name":"wp","href":"https:\/\/api.w.org\/{rel}","templated":true}]}}