{"id":208199,"date":"2025-06-27T11:20:10","date_gmt":"2025-06-27T11:20:10","guid":{"rendered":"https:\/\/www.europesays.com\/fr\/208199\/"},"modified":"2025-06-27T11:20:10","modified_gmt":"2025-06-27T11:20:10","slug":"strasbourg-monaco-en-cloture-de-la-nouvelle-saison-alsasports","status":"publish","type":"post","link":"https:\/\/www.europesays.com\/fr\/208199\/","title":{"rendered":"Strasbourg &#8211; Monaco en cl\u00f4ture de la nouvelle saison ! \u2014 Alsa&rsquo;Sports"},"content":{"rendered":"<p><strong>Le Racing Club de Strasbourg accueillera l\u2019AS Monaco lors de l\u2019ultime journ\u00e9e de la saison 2025\/2026 au stade de la Meinau le week-end du 16\/17 mai. <\/strong><\/p>\n<p>Rendez-vous de prestige en ouverture et cl\u00f4ture de la nouvelle saison. Le Racing Club de Strasbourg ira \u00e0 Metz pour la premi\u00e8re journ\u00e9e de Ligue 1 et recevra l\u2019AS Monaco lors de la derni\u00e8re journ\u00e9e. Un ultime rendez-vous de prestige pour cl\u00f4turer la saison et f\u00eater une nouvelle qualification europ\u00e9enne ? <\/p>\n","protected":false},"excerpt":{"rendered":"Le Racing Club de Strasbourg accueillera l\u2019AS Monaco lors de l\u2019ultime journ\u00e9e de la saison 2025\/2026 au stade&hellip;\n","protected":false},"author":2,"featured_media":208200,"comment_status":"","ping_status":"","sticky":false,"template":"","format":"standard","meta":{"footnotes":""},"categories":[2820],"tags":[1111,11,1777,674,63,1011,27,775,66,12,4448,25,640],"class_list":{"0":"post-208199","1":"post","2":"type-post","3":"status-publish","4":"format-standard","5":"has-post-thumbnail","7":"category-strasbourg","8":"tag-actu","9":"tag-actualites","10":"tag-eu","11":"tag-europe","12":"tag-football","13":"tag-fr","14":"tag-france","15":"tag-grand-est","16":"tag-ligue-1","17":"tag-news","18":"tag-rc-strasbourg","19":"tag-republique-francaise","20":"tag-strasbourg"},"share_on_mastodon":{"url":"https:\/\/pubeurope.com\/@fr\/114755064543996052","error":""},"_links":{"self":[{"href":"https:\/\/www.europesays.com\/fr\/wp-json\/wp\/v2\/posts\/208199","targetHints":{"allow":["GET"]}}],"collection":[{"href":"https:\/\/www.europesays.com\/fr\/wp-json\/wp\/v2\/posts"}],"about":[{"href":"https:\/\/www.europesays.com\/fr\/wp-json\/wp\/v2\/types\/post"}],"author":[{"embeddable":true,"href":"https:\/\/www.europesays.com\/fr\/wp-json\/wp\/v2\/users\/2"}],"replies":[{"embeddable":true,"href":"https:\/\/www.europesays.com\/fr\/wp-json\/wp\/v2\/comments?post=208199"}],"version-history":[{"count":0,"href":"https:\/\/www.europesays.com\/fr\/wp-json\/wp\/v2\/posts\/208199\/revisions"}],"wp:featuredmedia":[{"embeddable":true,"href":"https:\/\/www.europesays.com\/fr\/wp-json\/wp\/v2\/media\/208200"}],"wp:attachment":[{"href":"https:\/\/www.europesays.com\/fr\/wp-json\/wp\/v2\/media?parent=208199"}],"wp:term":[{"taxonomy":"category","embeddable":true,"href":"https:\/\/www.europesays.com\/fr\/wp-json\/wp\/v2\/categories?post=208199"},{"taxonomy":"post_tag","embeddable":true,"href":"https:\/\/www.europesays.com\/fr\/wp-json\/wp\/v2\/tags?post=208199"}],"curies":[{"name":"wp","href":"https:\/\/api.w.org\/{rel}","templated":true}]}}