{"id":20820,"date":"2025-04-12T23:17:08","date_gmt":"2025-04-12T23:17:08","guid":{"rendered":"https:\/\/www.europesays.com\/fr\/20820\/"},"modified":"2025-04-12T23:17:08","modified_gmt":"2025-04-12T23:17:08","slug":"un-gardien-dimmeuble-met-le-feu-a-une-cave-puis-agresse-sa-femme-qui-voulait-le-denoncer-au-couteau","status":"publish","type":"post","link":"https:\/\/www.europesays.com\/fr\/20820\/","title":{"rendered":"un gardien d&rsquo;immeuble met le feu \u00e0 une cave puis agresse sa femme qui voulait le d\u00e9noncer au couteau"},"content":{"rendered":"<p>            Par<br \/>\n        <strong><br \/>\n            <a href=\"https:\/\/actu.fr\/auteur\/redaction-paris\" title=\"Consulter tous les articles de R\u00e9daction Paris\" target=\"_blank\" rel=\"noopener\">R\u00e9daction Paris<\/a><br \/>\n        <\/strong><\/p>\n<p>        Publi\u00e9 le<\/p>\n<p>            12 avr. 2025 \u00e0 16h19        <\/p>\n<p>Que s\u2019est-il pass\u00e9 dans la t\u00eate de ce gardien d\u2019immeuble\u2009? Dans la nuit du vendredi\u00a011 au samedi 12\u00a0avril 2025, dans le 15e arrondissement de <a href=\"https:\/\/actu.fr\/paris\/\" target=\"_blank\" rel=\"noopener\">Paris<\/a>, l\u2019homme a d\u00e9clench\u00e9 un <a href=\"https:\/\/actu.fr\/tag\/incendie\" target=\"_blank\" rel=\"noopener\">incendie<\/a> dans une cave de son immeuble, avant d\u2019agresser quelques heures plus tard son \u00e9pouse au couteau, alors qu\u2019elle souhaitait le d\u00e9noncer, indique le parquet \u00e0 actu Paris.<\/p>\n<p>Une croix gamm\u00e9e et le mot \u00ab\u2009voleur\u2009\u00bb retrouv\u00e9s sur la porte de la cave<\/p>\n<p class=\" wall-content\">La sc\u00e8ne s\u2019est d\u00e9roul\u00e9e rue Lecourbe. Tout commence \u00e0 3h du matin, quand les policiers sont appel\u00e9s par le gardien de l\u2019immeuble et sa femme pour l\u2019incendie d\u2019une cave. Sur place, les forces de l\u2019ordre <strong>d\u00e9couvrent une \u00ab\u2009croix gamm\u00e9e\u2009\u00bb et le mot \u00ab\u2009voleur\u2009\u00bb sur la porte.<\/strong> Le couple n\u2019est en revanche pas capable de dater la pr\u00e9sence de ces inscriptions, pr\u00e9cise le minist\u00e8re public.<\/p>\n<p class=\" wall-content\">Apr\u00e8s avoir effectu\u00e9 les v\u00e9rifications, les enqu\u00eateurs quittent les lieux. Mais ils sont rappel\u00e9s deux heures plus tard par la femme du gardien. Elle explique que son conjoint lui a avou\u00e9 \u00eatre \u00e0 l\u2019origine des inscriptions et qu\u2019il l\u2019a \u00ab\u2009violent\u00e9e\u2009\u00bb. Selon une source proche \u00e0 actu Paris, le gardien d\u2019immeuble aurait tent\u00e9 \u00ab<strong>\u2009d\u2019ass\u00e9ner un coup de couteau \u00e0 la gorge<\/strong>\u2009\u00bb de son \u00e9pouse. Elle parvient alors \u00e0 \u00e9viter le coup avec sa main, mais elle souffre d\u2019une \u00ab\u2009plaie cons\u00e9quente\u2009\u00bb. Elle a \u00e9t\u00e9 transport\u00e9e \u00e0 l\u2019h\u00f4pital.<\/p>\n<p>Le gardien d\u2019immeuble plac\u00e9 en garde \u00e0 vue<\/p>\n<p class=\" wall-content\">Apr\u00e8s cette violente sc\u00e8ne, l\u2019homme alcoolis\u00e9 au moment des faits selon notre source a <strong>pris la fuite<\/strong> avant d\u2019\u00eatre interpell\u00e9 au petit matin dans la station de <a href=\"https:\/\/actu.fr\/tag\/metro\" target=\"_blank\" rel=\"noopener\">m\u00e9tro<\/a> S\u00e8vres-Lecourbe. Il a \u00e9t\u00e9 plac\u00e9 en garde \u00e0 vue.<\/p>\n<p class=\" wall-content\">Une enqu\u00eate a \u00e9t\u00e9 ouverte pour \u00ab\u2009d\u00e9gradation ou d\u00e9t\u00e9rioration du bien d\u2019autrui par un moyen dangereux pour les personnes, d\u00e9gradation ou d\u00e9t\u00e9rioration du bien d\u2019autrui commise en raison de la race, l\u2019ethnie, la nation ou la religion, mise en danger d\u2019autrui par violation manifestement d\u00e9lib\u00e9r\u00e9e d\u2019une obligation r\u00e9glementaire de s\u00e9curit\u00e9 ou de prudence, violence suivie d\u2019incapacit\u00e9 sup\u00e9rieure \u00e0 huit jours par conjoint aggrav\u00e9 par deux autres circonstances\u2009\u00bb. Elle a \u00e9t\u00e9 confi\u00e9e au commissariat du 15e arrondissement.<\/p>\n<p>Vid\u00e9os : en ce moment sur Actu<\/p>\n<p class=\" wall-content\"><strong>Avec Julie Bossart<\/strong><\/p>\n<p class=\" wall-content\">Suivez toute l\u2019actualit\u00e9 de vos villes et m\u00e9dias favoris en vous inscrivant \u00e0 <a href=\"https:\/\/moncompte.actu.fr\" title=\"D\u00e9couvez Mon Actu\" rel=\"nofollow noopener\" data-trk=\"{&quot;cta&quot;:{&quot;action&quot;:&quot;https:\\\/\\\/moncompte.actu.fr&quot;,&quot;category&quot;:&quot;mon compte&quot;,&quot;from&quot;:&quot;article footer&quot;,&quot;name&quot;:&quot;Mon actu&quot;,&quot;type&quot;:&quot;cta&quot;}}\" target=\"_blank\">Mon Actu<\/a>.<\/p>\n","protected":false},"excerpt":{"rendered":"Par R\u00e9daction Paris Publi\u00e9 le 12 avr. 2025 \u00e0 16h19 Que s\u2019est-il pass\u00e9 dans la t\u00eate de ce&hellip;\n","protected":false},"author":2,"featured_media":13022,"comment_status":"","ping_status":"","sticky":false,"template":"","format":"standard","meta":{"footnotes":""},"categories":[1888],"tags":[1111,1928,11,1927,1777,674,118,1011,27,1310,12,1926,626,1925,1072,25,798],"class_list":{"0":"post-20820","1":"post","2":"type-post","3":"status-publish","4":"format-standard","5":"has-post-thumbnail","7":"category-paris","8":"tag-actu","9":"tag-actu-paris","10":"tag-actualites","11":"tag-actualites-paris","12":"tag-eu","13":"tag-europe","14":"tag-faits-divers","15":"tag-fr","16":"tag-france","17":"tag-incendie","18":"tag-news","19":"tag-news-paris","20":"tag-paris","21":"tag-paris-news","22":"tag-police","23":"tag-republique-francaise","24":"tag-violences-conjugales"},"share_on_mastodon":{"url":"https:\/\/pubeurope.com\/@fr\/114327548294195664","error":""},"_links":{"self":[{"href":"https:\/\/www.europesays.com\/fr\/wp-json\/wp\/v2\/posts\/20820","targetHints":{"allow":["GET"]}}],"collection":[{"href":"https:\/\/www.europesays.com\/fr\/wp-json\/wp\/v2\/posts"}],"about":[{"href":"https:\/\/www.europesays.com\/fr\/wp-json\/wp\/v2\/types\/post"}],"author":[{"embeddable":true,"href":"https:\/\/www.europesays.com\/fr\/wp-json\/wp\/v2\/users\/2"}],"replies":[{"embeddable":true,"href":"https:\/\/www.europesays.com\/fr\/wp-json\/wp\/v2\/comments?post=20820"}],"version-history":[{"count":0,"href":"https:\/\/www.europesays.com\/fr\/wp-json\/wp\/v2\/posts\/20820\/revisions"}],"wp:featuredmedia":[{"embeddable":true,"href":"https:\/\/www.europesays.com\/fr\/wp-json\/wp\/v2\/media\/13022"}],"wp:attachment":[{"href":"https:\/\/www.europesays.com\/fr\/wp-json\/wp\/v2\/media?parent=20820"}],"wp:term":[{"taxonomy":"category","embeddable":true,"href":"https:\/\/www.europesays.com\/fr\/wp-json\/wp\/v2\/categories?post=20820"},{"taxonomy":"post_tag","embeddable":true,"href":"https:\/\/www.europesays.com\/fr\/wp-json\/wp\/v2\/tags?post=20820"}],"curies":[{"name":"wp","href":"https:\/\/api.w.org\/{rel}","templated":true}]}}