{"id":208217,"date":"2025-06-27T11:29:09","date_gmt":"2025-06-27T11:29:09","guid":{"rendered":"https:\/\/www.europesays.com\/fr\/208217\/"},"modified":"2025-06-27T11:29:09","modified_gmt":"2025-06-27T11:29:09","slug":"insolite-ce-samedi-a-lille-faites-vous-offrir-des-frites-par-la-schtroumpfette","status":"publish","type":"post","link":"https:\/\/www.europesays.com\/fr\/208217\/","title":{"rendered":"Insolite. Ce samedi \u00e0 Lille, faites-vous offrir des frites par&#8230; la Schtroumpfette\u00a0!"},"content":{"rendered":"<p>            Par<br \/>\n        <strong><br \/>\n            <a href=\"https:\/\/actu.fr\/auteur\/nicolas-demollien\" title=\"Consulter tous les articles de Nicolas Demollien\" target=\"_blank\" rel=\"noopener\">Nicolas Demollien<\/a><br \/>\n        <\/strong><\/p>\n<p>        Publi\u00e9 le<\/p>\n<p>            27 juin 2025 \u00e0 12h16        <\/p>\n<p>Voil\u00e0 une info croustillante ! Ce samedi 28 juin 2025, la <b>c\u00e9l\u00e8bre Schtroumpfette<\/b> va d\u00e9barquer \u00e0 <a href=\"https:\/\/actu.fr\/hauts-de-france\/lille_59350\" target=\"_blank\" rel=\"noopener\">Lille<\/a> (Nord) et <b>offrir des frites<\/b> \u00e0 300 petits veinards qui auront la chance de croiser son chemin.\u00a0<\/p>\n<p>La Schtroumpfette va distribuer des frites gratuitement \u00e0 Lille<\/p>\n<p class=\" wall-content\">Et ce ne sera pas bien compliqu\u00e9 de la trouver puisqu\u2019on sait qu\u2019elle sera pr\u00e9sente dans le secteur de <a href=\"https:\/\/actu.fr\/tag\/lille-flandres\" target=\"_blank\" rel=\"noopener\">Lille-Flandres<\/a>, plus pr\u00e9cis\u00e9ment \u00e0 la <b><a href=\"https:\/\/actu.fr\/hauts-de-france\/lille_59350\/lille-le-passage-sous-la-voute-de-la-grandplace-interdit-ces-deux-commerces-vont-devoir-fermer_62344823.html\" target=\"_blank\" rel=\"noopener\">friterie Meunier<\/a> <\/b>de la gare.<\/p>\n<p class=\" wall-content\">Il suffira ainsi de vous rendre sur place parmi les 300 premiers entre 11h30 et 15h pour avoir le droit \u00e0 votre ration. Vous pourrez \u00e9galement rencontrer la c\u00e9l\u00e8bre Schtroumpfette et vous prendre en photo \u00e0 ses c\u00f4t\u00e9s.<\/p>\n<p class=\" wall-content\">Cette op\u00e9ration est mise en place dans le cadre de la sortie de \u00ab\u00a0Les Schtroumpfs, le film\u00a0\u00bb pr\u00e9vue mercredi 16 juillet 2025 au <a href=\"https:\/\/actu.fr\/cinema\" target=\"_blank\" rel=\"noopener\">cin\u00e9ma<\/a>.<\/p>\n<p class=\" wall-content\"><a href=\"https:\/\/www.instagram.com\/p\/DLIRz3-MybH\/embed\" title=\"Ouvrir le lien sur Instagram\" target=\"_blank\" rel=\"noopener\">Visualiser le contenu sur Instagram<\/a><\/p>\n<p class=\" wall-content\">En attendant, il ne vous reste plus qu\u2019\u00e0 profiter de vos frites !<\/p>\n<p>Vid\u00e9os : en ce moment sur Actu<\/p>\n<p class=\" wall-content\">Suivez toute l\u2019actualit\u00e9 de vos villes et m\u00e9dias favoris en vous inscrivant \u00e0 <a href=\"https:\/\/moncompte.actu.fr\" title=\"D\u00e9couvez Mon Actu\" rel=\"nofollow noopener\" data-trk=\"{&quot;cta&quot;:{&quot;action&quot;:&quot;https:\\\/\\\/moncompte.actu.fr&quot;,&quot;category&quot;:&quot;mon compte&quot;,&quot;from&quot;:&quot;article footer&quot;,&quot;name&quot;:&quot;Mon actu&quot;,&quot;type&quot;:&quot;cta&quot;}}\" target=\"_blank\">Mon Actu<\/a>.<\/p>\n<p>                    <script async src=\"\/\/www.instagram.com\/embed.js\"><\/script><\/p>\n","protected":false},"excerpt":{"rendered":"Par Nicolas Demollien Publi\u00e9 le 27 juin 2025 \u00e0 12h16 Voil\u00e0 une info croustillante ! Ce samedi 28&hellip;\n","protected":false},"author":2,"featured_media":208218,"comment_status":"","ping_status":"","sticky":false,"template":"","format":"standard","meta":{"footnotes":""},"categories":[2815],"tags":[1111,11,6557,1777,674,1011,27,811,1757,1307,34723,1652,12,25],"class_list":{"0":"post-208217","1":"post","2":"type-post","3":"status-publish","4":"format-standard","5":"has-post-thumbnail","7":"category-lille","8":"tag-actu","9":"tag-actualites","10":"tag-bon-plan-a-lille","11":"tag-eu","12":"tag-europe","13":"tag-fr","14":"tag-france","15":"tag-hauts-de-france","16":"tag-insolite","17":"tag-lille","18":"tag-lille-flandres","19":"tag-loisirs-culture","20":"tag-news","21":"tag-republique-francaise"},"share_on_mastodon":{"url":"https:\/\/pubeurope.com\/@fr\/114755099919353418","error":""},"_links":{"self":[{"href":"https:\/\/www.europesays.com\/fr\/wp-json\/wp\/v2\/posts\/208217","targetHints":{"allow":["GET"]}}],"collection":[{"href":"https:\/\/www.europesays.com\/fr\/wp-json\/wp\/v2\/posts"}],"about":[{"href":"https:\/\/www.europesays.com\/fr\/wp-json\/wp\/v2\/types\/post"}],"author":[{"embeddable":true,"href":"https:\/\/www.europesays.com\/fr\/wp-json\/wp\/v2\/users\/2"}],"replies":[{"embeddable":true,"href":"https:\/\/www.europesays.com\/fr\/wp-json\/wp\/v2\/comments?post=208217"}],"version-history":[{"count":0,"href":"https:\/\/www.europesays.com\/fr\/wp-json\/wp\/v2\/posts\/208217\/revisions"}],"wp:featuredmedia":[{"embeddable":true,"href":"https:\/\/www.europesays.com\/fr\/wp-json\/wp\/v2\/media\/208218"}],"wp:attachment":[{"href":"https:\/\/www.europesays.com\/fr\/wp-json\/wp\/v2\/media?parent=208217"}],"wp:term":[{"taxonomy":"category","embeddable":true,"href":"https:\/\/www.europesays.com\/fr\/wp-json\/wp\/v2\/categories?post=208217"},{"taxonomy":"post_tag","embeddable":true,"href":"https:\/\/www.europesays.com\/fr\/wp-json\/wp\/v2\/tags?post=208217"}],"curies":[{"name":"wp","href":"https:\/\/api.w.org\/{rel}","templated":true}]}}