{"id":208221,"date":"2025-06-27T11:31:10","date_gmt":"2025-06-27T11:31:10","guid":{"rendered":"https:\/\/www.europesays.com\/fr\/208221\/"},"modified":"2025-06-27T11:31:10","modified_gmt":"2025-06-27T11:31:10","slug":"un-homme-sintroduit-au-domicile-dun-couple-en-pleine-nuit-a-marseille","status":"publish","type":"post","link":"https:\/\/www.europesays.com\/fr\/208221\/","title":{"rendered":"Un homme s&rsquo;introduit au domicile d&rsquo;un couple en pleine nuit \u00e0 Marseille"},"content":{"rendered":"<p>Un homme s&rsquo;est introduit au domicile d&rsquo;un couple dans la nuit de mercredi \u00e0 jeudi, \u00e0 la <a href=\"https:\/\/www.laprovence.com\/article\/region\/1516946624107315\/a-la-belle-de-mai-a-marseille-la-misere-terreau-de-la-violence\" target=\"_blank\" rel=\"noopener\">Belle-de-Mai<\/a>, dans le 3e arrondissement de Marseille. Surpris par un ami que le couple h\u00e9bergeait et qui dormait dans le salon, l&rsquo;individu a pris la fuite avant d&rsquo;\u00eatre rattrap\u00e9 par un \u00e9quipage de la BAC nord.<\/p>\n<p>Dans la rue Levat endormie, il est 4 h 30 jeudi matin, lorsqu&rsquo;une silhouette furtive se glisse subrepticement dans un appartement. Pas suffisamment discr\u00e8tement en tout cas pour ne pas sortir de sa torpeur l&rsquo;ami que les propri\u00e9taires h\u00e9bergent et qui dort sur le canap\u00e9 du salon.<\/p>\n<p>Interpell\u00e9 par la BAC nord<\/p>\n<p>S&rsquo;ensuivent une empoignade, le r\u00e9veil brutal de toute la maisonn\u00e9e et la fuite de l&rsquo;intrus. Le sauve-qui-peut n&rsquo;a pas dur\u00e9 longtemps puisqu&rsquo;un \u00e9quipage de la <a href=\"https:\/\/www.laprovence.com\/article\/faits-divers-justice\/2005689557106715\/une-cavale-de-quatre-jours-de-plus-de-1-000-kilometres-ecourtee-par-la-bac-nord-a-marseille\" target=\"_blank\" rel=\"noopener\">BAC nord<\/a> (brigade anticriminalit\u00e9) a rep\u00e9r\u00e9 le suspect peu apr\u00e8s les faits et l&rsquo;a interpell\u00e9 alors qu&rsquo;il tentait de se d\u00e9barrasser d&rsquo;une montre et d&rsquo;un sachet de <a href=\"https:\/\/www.laprovence.com\/article\/faits-divers-justice\/2518928710816915\/le-nombre-dusagers-de-la-cocaine-depasse-le-million-en-france-en-2023-selon-une-etude\" target=\"_blank\" rel=\"noopener\">coca\u00efne<\/a>.<\/p>\n<p>\u00c2g\u00e9 de 29 ans, il a \u00e9t\u00e9 conduit \u00e0 l&rsquo;h\u00f4pital car il pr\u00e9sentait des plaies au visage, avant d&rsquo;\u00eatre plac\u00e9 en garde \u00e0 vue.<\/p>\n","protected":false},"excerpt":{"rendered":"Un homme s&rsquo;est introduit au domicile d&rsquo;un couple dans la nuit de mercredi \u00e0 jeudi, \u00e0 la Belle-de-Mai,&hellip;\n","protected":false},"author":2,"featured_media":208222,"comment_status":"","ping_status":"","sticky":false,"template":"","format":"standard","meta":{"footnotes":""},"categories":[2814],"tags":[17,1111,11,1193,2837,15335,1777,674,274,1011,27,4933,884,12,293,19940,882,25,34724],"class_list":{"0":"post-208221","1":"post","2":"type-post","3":"status-publish","4":"format-standard","5":"has-post-thumbnail","7":"category-marseille","8":"tag-17","9":"tag-actu","10":"tag-actualites","11":"tag-couple","12":"tag-dun","13":"tag-domicile","14":"tag-eu","15":"tag-europe","16":"tag-faits-divers-justice","17":"tag-fr","18":"tag-france","19":"tag-homme","20":"tag-marseille","21":"tag-news","22":"tag-nuit","23":"tag-pleine","24":"tag-provence-alpes-cote-dazur","25":"tag-republique-francaise","26":"tag-sintroduit"},"share_on_mastodon":{"url":"https:\/\/pubeurope.com\/@fr\/114755107767818768","error":""},"_links":{"self":[{"href":"https:\/\/www.europesays.com\/fr\/wp-json\/wp\/v2\/posts\/208221","targetHints":{"allow":["GET"]}}],"collection":[{"href":"https:\/\/www.europesays.com\/fr\/wp-json\/wp\/v2\/posts"}],"about":[{"href":"https:\/\/www.europesays.com\/fr\/wp-json\/wp\/v2\/types\/post"}],"author":[{"embeddable":true,"href":"https:\/\/www.europesays.com\/fr\/wp-json\/wp\/v2\/users\/2"}],"replies":[{"embeddable":true,"href":"https:\/\/www.europesays.com\/fr\/wp-json\/wp\/v2\/comments?post=208221"}],"version-history":[{"count":0,"href":"https:\/\/www.europesays.com\/fr\/wp-json\/wp\/v2\/posts\/208221\/revisions"}],"wp:featuredmedia":[{"embeddable":true,"href":"https:\/\/www.europesays.com\/fr\/wp-json\/wp\/v2\/media\/208222"}],"wp:attachment":[{"href":"https:\/\/www.europesays.com\/fr\/wp-json\/wp\/v2\/media?parent=208221"}],"wp:term":[{"taxonomy":"category","embeddable":true,"href":"https:\/\/www.europesays.com\/fr\/wp-json\/wp\/v2\/categories?post=208221"},{"taxonomy":"post_tag","embeddable":true,"href":"https:\/\/www.europesays.com\/fr\/wp-json\/wp\/v2\/tags?post=208221"}],"curies":[{"name":"wp","href":"https:\/\/api.w.org\/{rel}","templated":true}]}}