{"id":208225,"date":"2025-06-27T11:33:11","date_gmt":"2025-06-27T11:33:11","guid":{"rendered":"https:\/\/www.europesays.com\/fr\/208225\/"},"modified":"2025-06-27T11:33:11","modified_gmt":"2025-06-27T11:33:11","slug":"lyon-lavenue-rockefeller-qui-mene-aux-hopitaux-restera-t-elle-sans-voiture-la-metropole-a-enfin-tranche","status":"publish","type":"post","link":"https:\/\/www.europesays.com\/fr\/208225\/","title":{"rendered":"Lyon. L\u2019avenue Rockefeller, qui m\u00e8ne aux h\u00f4pitaux, restera-t-elle sans voiture\u00a0? La M\u00e9tropole a enfin tranch\u00e9"},"content":{"rendered":"<p>Le sujet est \u00ab\u00a0hyperclivant\u00a0\u00bb. Et il y a eu des d\u00e9bats parfois houleux autour de cette exp\u00e9rimentation visant \u00e0 mettre l\u2019avenue Rockefeller en sens unique entre les boulevards Pinel et Ambroise-Par\u00e9. L\u2019op\u00e9ration a \u00e9t\u00e9 men\u00e9e par la M\u00e9tropole et la Ville de Lyon dans le cadre de l\u2019am\u00e9nagement de la Voie lyonnaise 12, faute d\u2019espace suffisant pour ins\u00e9rer cette nouvelle voie cyclable.<\/p>\n<p>Les opposants peu entendus<\/p>\n<p>La d\u00e9cision tr\u00e8s attendue, voire redout\u00e9e est officialis\u00e9e ce vendredi 27\u00a0juin au matin. Au regard des chiffres et des usages constat\u00e9s, \u00ab\u00a0nous avons coll\u00e9gialement convenu que nous allons p\u00e9renniser l\u2019exp\u00e9rimentation, telle quelle\u00a0\u00bb, indique au Progr\u00e8s Marion Sessiecq, maire \u00e9cologiste du 3e&#8230;<\/p>\n","protected":false},"excerpt":{"rendered":"Le sujet est \u00ab\u00a0hyperclivant\u00a0\u00bb. Et il y a eu des d\u00e9bats parfois houleux autour de cette exp\u00e9rimentation visant&hellip;\n","protected":false},"author":2,"featured_media":208226,"comment_status":"","ping_status":"","sticky":false,"template":"","format":"standard","meta":{"footnotes":""},"categories":[1889],"tags":[1111,11,2430,3542,2757,1777,674,107,1011,27,2428,2756,12,25,2429,2803],"class_list":{"0":"post-208225","1":"post","2":"type-post","3":"status-publish","4":"format-standard","5":"has-post-thumbnail","7":"category-lyon","8":"tag-actu","9":"tag-actualites","10":"tag-auvergne-rhone-alpes","11":"tag-circulation","12":"tag-edition-lyon-villeurbanne","13":"tag-eu","14":"tag-europe","15":"tag-fil-info","16":"tag-fr","17":"tag-france","18":"tag-lyon","19":"tag-lyon-bassin","20":"tag-news","21":"tag-republique-francaise","22":"tag-rhone","23":"tag-transport"},"share_on_mastodon":{"url":"https:\/\/pubeurope.com\/@fr\/114755115771254475","error":""},"_links":{"self":[{"href":"https:\/\/www.europesays.com\/fr\/wp-json\/wp\/v2\/posts\/208225","targetHints":{"allow":["GET"]}}],"collection":[{"href":"https:\/\/www.europesays.com\/fr\/wp-json\/wp\/v2\/posts"}],"about":[{"href":"https:\/\/www.europesays.com\/fr\/wp-json\/wp\/v2\/types\/post"}],"author":[{"embeddable":true,"href":"https:\/\/www.europesays.com\/fr\/wp-json\/wp\/v2\/users\/2"}],"replies":[{"embeddable":true,"href":"https:\/\/www.europesays.com\/fr\/wp-json\/wp\/v2\/comments?post=208225"}],"version-history":[{"count":0,"href":"https:\/\/www.europesays.com\/fr\/wp-json\/wp\/v2\/posts\/208225\/revisions"}],"wp:featuredmedia":[{"embeddable":true,"href":"https:\/\/www.europesays.com\/fr\/wp-json\/wp\/v2\/media\/208226"}],"wp:attachment":[{"href":"https:\/\/www.europesays.com\/fr\/wp-json\/wp\/v2\/media?parent=208225"}],"wp:term":[{"taxonomy":"category","embeddable":true,"href":"https:\/\/www.europesays.com\/fr\/wp-json\/wp\/v2\/categories?post=208225"},{"taxonomy":"post_tag","embeddable":true,"href":"https:\/\/www.europesays.com\/fr\/wp-json\/wp\/v2\/tags?post=208225"}],"curies":[{"name":"wp","href":"https:\/\/api.w.org\/{rel}","templated":true}]}}