{"id":208227,"date":"2025-06-27T11:34:10","date_gmt":"2025-06-27T11:34:10","guid":{"rendered":"https:\/\/www.europesays.com\/fr\/208227\/"},"modified":"2025-06-27T11:34:10","modified_gmt":"2025-06-27T11:34:10","slug":"relegue-en-ligue-2-lyon-quand-meme-ajoute-au-calendrier-de-l1-avec-un-premier-match-prevu-a-lens","status":"publish","type":"post","link":"https:\/\/www.europesays.com\/fr\/208227\/","title":{"rendered":"Rel\u00e9gu\u00e9 en Ligue 2, Lyon quand m\u00eame ajout\u00e9 au calendrier de L1, avec un premier match pr\u00e9vu \u00e0 Lens"},"content":{"rendered":"<p><strong>Sur quel pied danser ? &#8211; En d\u00e9but de semaine, l\u2019Olympique Lyonnais a \u00e9t\u00e9 rel\u00e9gu\u00e9 en Ligue 2 par la DNCG, le gendarme financier du football fran\u00e7ais<\/strong><\/p>\n<p>Les supporteurs lyonnais doivent avoir le cerveau en \u00e9bullition depuis l\u2019annonce, mardi soir, de <a href=\"https:\/\/www.20minutes.fr\/sport\/football\/ligue-1\/4160224-20250624-ol-coup-tonnerre-lyon-retrograde-ligue-2-dncg?at_medium=RSS%20feed&amp;at_campaign=ynews&amp;utm_source=yahoo&amp;utm_medium=rss&amp;utm_campaign=news_feed&amp;utm_content=in_article_link\" rel=\"nofollow noopener\" target=\"_blank\" data-ylk=\"slk:la rel\u00e9gation de leur club de c\u0153ur en Ligue 2 pour des raisons financi\u00e8res;elm:context_link;itc:0;sec:content-canvas\" class=\"link \">la rel\u00e9gation de leur club de c\u0153ur en Ligue 2 pour des raisons financi\u00e8res<\/a>. Depuis, <a href=\"https:\/\/www.20minutes.fr\/sport\/football\/ligue-1\/4160280-20250625-ol-textor-dehors-guerre-declaree-supporteurs-reclament-tete-proprietaire-americain?at_medium=RSS%20feed&amp;at_campaign=ynews&amp;utm_source=yahoo&amp;utm_medium=rss&amp;utm_campaign=news_feed&amp;utm_content=in_article_link\" rel=\"nofollow noopener\" target=\"_blank\" data-ylk=\"slk:la r\u00e9sistance s\u2019organise, avec des nombreuses banderoles d\u00e9ploy\u00e9es dans la ville;elm:context_link;itc:0;sec:content-canvas\" class=\"link \">la r\u00e9sistance s\u2019organise, avec des nombreuses banderoles d\u00e9ploy\u00e9es dans la ville<\/a> et un rassemblement pr\u00e9vu dimanche pour demander le d\u00e9part du propri\u00e9taire am\u00e9ricain John Textor.<\/p>\n<p>Alors que le club a fait appel de la d\u00e9cision de la DNCG, le gendarme financier du football fran\u00e7ais, voil\u00e0 que l\u2019<a href=\"https:\/\/www.20minutes.fr\/sport\/ol\/?at_medium=RSS%20feed&amp;at_campaign=ynews&amp;utm_source=yahoo&amp;utm_medium=rss&amp;utm_campaign=news_feed&amp;utm_content=in_article_link\" rel=\"nofollow noopener\" target=\"_blank\" data-ylk=\"slk:Olympique Lyonnais;elm:context_link;itc:0;sec:content-canvas\" class=\"link \">Olympique Lyonnais<\/a> a \u00e9t\u00e9 bien inscrit au calendrier de\u2026 Ligue 1, d\u00e9voil\u00e9 ce vendredi par la Ligue de football professionnel.<\/p>\n<p>Retrouvailles avec Sage ?<\/p>\n<p>Le week-end du 17\u00a0ao\u00fbt, les co\u00e9quipiers de Corentin Tolisso sont cens\u00e9s se d\u00e9placer au stade Bollaert pour y affronter le RC Lens, o\u00f9 ils retrouveraient un certain <a href=\"https:\/\/www.20minutes.fr\/sport\/football\/ligue-1\/4156618-20250603-rc-lens-habemus-coacham-sang-or-officialisent-joliment-arrivee-pierre-sage-banc?at_medium=RSS%20feed&amp;at_campaign=ynews&amp;utm_source=yahoo&amp;utm_medium=rss&amp;utm_campaign=news_feed&amp;utm_content=in_article_link\" rel=\"nofollow noopener\" target=\"_blank\" data-ylk=\"slk:Pierre Sage, arriv\u00e9 en Artois cet \u00e9t\u00e9 apr\u00e8s avoir \u00e9t\u00e9 vir\u00e9 par John Textor;elm:context_link;itc:0;sec:content-canvas\" class=\"link \">Pierre Sage, arriv\u00e9 en Artois cet \u00e9t\u00e9 apr\u00e8s avoir \u00e9t\u00e9 vir\u00e9 par John Textor<\/a>.<\/p>\n<p>L\u2019OL entend d\u00e9sormais d\u00e9montrer devant la commission d\u2019appel de la DNCG \u00ab\u00a0(sa) capacit\u00e9 \u00e0 apporter les ressources n\u00e9cessaires en mati\u00e8re de tr\u00e9sorerie pour garantir le maintien\u00a0\u00bb en <a href=\"https:\/\/www.20minutes.fr\/sport\/ligue-1\/?at_medium=RSS%20feed&amp;at_campaign=ynews&amp;utm_source=yahoo&amp;utm_medium=rss&amp;utm_campaign=news_feed&amp;utm_content=in_article_link\" rel=\"nofollow noopener\" target=\"_blank\" data-ylk=\"slk:Ligue 1;elm:context_link;itc:0;sec:content-canvas\" class=\"link \">Ligue 1<\/a>, a indiqu\u00e9 le club dans un communiqu\u00e9. Sinon, Lyon pourrait bien \u00eatre ajout\u00e9 au dernier moment au calendrier de Ligue 2. La premi\u00e8re journ\u00e9e se dispute le week-end du 9\u00a0ao\u00fbt.<\/p>\n<p><a href=\"https:\/\/www.20minutes.fr\/sport\/football\/ligue-1\/4160755-20250627-ol-relegue-ligue-2-lyon-quand-ajoute-calendrier-l1-premier-match-prevu-lens?at_medium=RSS%20feed&amp;at_campaign=ynews&amp;utm_source=yahoo&amp;utm_medium=rss&amp;utm_campaign=news_feed&amp;utm_content=read_more_link&quot;\" rel=\"nofollow noopener\" target=\"_blank\" data-ylk=\"slk:Lire la suite sur 20minutes;elm:context_link;itc:0;sec:content-canvas\" class=\"link \">Lire la suite sur 20minutes<\/a><\/p>\n<p>\u00c0 lire aussi :<br \/><a href=\"https:\/\/www.20minutes.fr\/sport\/football\/ligue_2\/4160340-20250625-ol-recours-chances-reste-lyon-eviter-degringolade?at_medium=RSS%20feed&amp;at_campaign=ynews&amp;utm_source=yahoo&amp;utm_medium=rss&amp;utm_campaign=news_feed&amp;utm_content=related_content_link\" rel=\"nofollow noopener\" target=\"_blank\" data-ylk=\"slk:OL\u00a0: Quels recours et quelles chances reste-t-il \u00e0 Lyon pour \u00e9viter la d\u00e9gringolade\u00a0?;elm:context_link;itc:0;sec:content-canvas\" class=\"link \">OL\u00a0: Quels recours et quelles chances reste-t-il \u00e0 Lyon pour \u00e9viter la d\u00e9gringolade\u00a0?<\/a><br \/><a href=\"https:\/\/www.20minutes.fr\/sport\/football\/ligue-1\/4160287-20250625-ol-comment-john-textor-peut-encore-trouver-incomprehensible-relegation-club-decidee-dncg?at_medium=RSS%20feed&amp;at_campaign=ynews&amp;utm_source=yahoo&amp;utm_medium=rss&amp;utm_campaign=news_feed&amp;utm_content=related_content_link\" rel=\"nofollow noopener\" target=\"_blank\" data-ylk=\"slk:OL\u00a0: Comment John Textor peut-il encore trouver \u00ab\u00a0incompr\u00e9hensible\u00a0\u00bb la rel\u00e9gation du club d\u00e9cid\u00e9e par la DNCG\u00a0?;elm:context_link;itc:0;sec:content-canvas\" class=\"link \">OL\u00a0: Comment John Textor peut-il encore trouver \u00ab\u00a0incompr\u00e9hensible\u00a0\u00bb la rel\u00e9gation du club d\u00e9cid\u00e9e par la DNCG\u00a0?<\/a><\/p>\n","protected":false},"excerpt":{"rendered":"Sur quel pied danser ? &#8211; En d\u00e9but de semaine, l\u2019Olympique Lyonnais a \u00e9t\u00e9 rel\u00e9gu\u00e9 en Ligue 2&hellip;\n","protected":false},"author":2,"featured_media":208228,"comment_status":"","ping_status":"","sticky":false,"template":"","format":"standard","meta":{"footnotes":""},"categories":[1889],"tags":[1111,11,2430,4680,19747,1777,674,18671,1011,27,12428,3279,446,34152,2428,12,241,2264,25],"class_list":{"0":"post-208227","1":"post","2":"type-post","3":"status-publish","4":"format-standard","5":"has-post-thumbnail","7":"category-lyon","8":"tag-actu","9":"tag-actualites","10":"tag-auvergne-rhone-alpes","11":"tag-corentin-tolisso","12":"tag-dncg","13":"tag-eu","14":"tag-europe","15":"tag-football-francais","16":"tag-fr","17":"tag-france","18":"tag-john-textor","19":"tag-lolympique-lyonnais","20":"tag-ligue-2","21":"tag-ligue-de-football-professionnel","22":"tag-lyon","23":"tag-news","24":"tag-ol","25":"tag-rc-lens","26":"tag-republique-francaise"},"share_on_mastodon":{"url":"https:\/\/pubeurope.com\/@fr\/114755119512698662","error":""},"_links":{"self":[{"href":"https:\/\/www.europesays.com\/fr\/wp-json\/wp\/v2\/posts\/208227","targetHints":{"allow":["GET"]}}],"collection":[{"href":"https:\/\/www.europesays.com\/fr\/wp-json\/wp\/v2\/posts"}],"about":[{"href":"https:\/\/www.europesays.com\/fr\/wp-json\/wp\/v2\/types\/post"}],"author":[{"embeddable":true,"href":"https:\/\/www.europesays.com\/fr\/wp-json\/wp\/v2\/users\/2"}],"replies":[{"embeddable":true,"href":"https:\/\/www.europesays.com\/fr\/wp-json\/wp\/v2\/comments?post=208227"}],"version-history":[{"count":0,"href":"https:\/\/www.europesays.com\/fr\/wp-json\/wp\/v2\/posts\/208227\/revisions"}],"wp:featuredmedia":[{"embeddable":true,"href":"https:\/\/www.europesays.com\/fr\/wp-json\/wp\/v2\/media\/208228"}],"wp:attachment":[{"href":"https:\/\/www.europesays.com\/fr\/wp-json\/wp\/v2\/media?parent=208227"}],"wp:term":[{"taxonomy":"category","embeddable":true,"href":"https:\/\/www.europesays.com\/fr\/wp-json\/wp\/v2\/categories?post=208227"},{"taxonomy":"post_tag","embeddable":true,"href":"https:\/\/www.europesays.com\/fr\/wp-json\/wp\/v2\/tags?post=208227"}],"curies":[{"name":"wp","href":"https:\/\/api.w.org\/{rel}","templated":true}]}}