{"id":208241,"date":"2025-06-27T11:45:18","date_gmt":"2025-06-27T11:45:18","guid":{"rendered":"https:\/\/www.europesays.com\/fr\/208241\/"},"modified":"2025-06-27T11:45:18","modified_gmt":"2025-06-27T11:45:18","slug":"on-ne-trouve-pas-de-place-en-creche-ici-en-ukraine-ce-serait-inimaginable-pour-les-ukrainiennes-la-difficulte-de-trouver-un-travail","status":"publish","type":"post","link":"https:\/\/www.europesays.com\/fr\/208241\/","title":{"rendered":"\u00abOn ne trouve pas de place en cr\u00e8che ici. En Ukraine, ce serait inimaginable\u00bb: pour les Ukrainiennes, la difficult\u00e9 de trouver un travail"},"content":{"rendered":"<p>    Publi\u00e9 le 27 juin 2025 \u00e0 07:56. \/ Modifi\u00e9 le 27 juin 2025 \u00e0 12:48.<\/p>\n<p> 4 min. de lecture<\/p>\n<p class=\"article__abstract-call-to-action\" data-ariato=\"TrackableElement\" data-trackable-element-type=\"article_abstract_cta\" data-trackable-element-location=\"article_header\" data-trackable-element-id=\"498971\">\n          <a data-event=\"click-&gt;clicked\" href=\"https:\/\/www.letemps.ch\/abonnements\" target=\"_blank\" rel=\"noopener\">Abonnez-vous<\/a> pour acc\u00e9der au r\u00e9sum\u00e9 en 20 secondes.\n        <\/p>\n<p>Des chants en ukrainien se font entendre depuis un local de la rue de Montbrillant, \u00e0 Gen\u00e8ve. A l\u2019int\u00e9rieur, des femmes attendent, accompagn\u00e9es de leurs poussettes et ordinateurs. Certaines en profitent pour d\u00e9poser des CV ou passer des appels. Les exclamations des enfants en bas \u00e2ge ne se font cependant jamais oublier. Une sc\u00e8ne quotidienne des locaux de l\u2019association Ukraine Reborn. Cette derni\u00e8re a pour but de proposer un lieu d\u2019\u00e9change, d\u2019aide psychosociale et d\u2019orientation professionnelle pour la communaut\u00e9 ukrainienne en Suisse romande, confront\u00e9e \u00e0 la difficult\u00e9 de trouver du travail. Ukraine Reborn concentre la plupart de ses ressources dans les cantons de Gen\u00e8ve et Vaud, mal lotis en termes d\u2019int\u00e9gration professionnelle des Ukrainiens. Pourtant, Nadiia Olarean, la cofondatrice de l\u2019association, est formelle: \u00abLa plupart des Ukrainiens veulent travailler.\u00bb<\/p>\n<p>Un certain nombre d\u2019\u00e9l\u00e9ments structurels jouent en d\u00e9faveur de leur int\u00e9gration professionnelle: la barri\u00e8re de la langue, la forte concurrence sur le march\u00e9 de l\u2019emploi en r\u00e9gion l\u00e9manique, la difficile reconnaissance des dipl\u00f4mes,\u00a0etc. Certaines femmes sont, de plus, d\u00e9savantag\u00e9es par leur r\u00f4le de m\u00e8re. Une situation complexe dans un contexte paradoxal. La Conf\u00e9d\u00e9ration a r\u00e9cemment fait part de son souhait de voir la moiti\u00e9 des Ukrainiens en emploi d\u2019ici \u00e0 2026. Quelques semaines avant de durcir l\u2019attribution du statut S, d\u00e9sormais r\u00e9serv\u00e9 aux seuls Ukrainiens originaires des \u00abr\u00e9gions \u00e0 risques\u00bb.<\/p>\n","protected":false},"excerpt":{"rendered":"Publi\u00e9 le 27 juin 2025 \u00e0 07:56. \/ Modifi\u00e9 le 27 juin 2025 \u00e0 12:48. 4 min. de&hellip;\n","protected":false},"author":2,"featured_media":208242,"comment_status":"","ping_status":"","sticky":false,"template":"","format":"standard","meta":{"footnotes":""},"categories":[1590],"tags":[11,1777,674,12,301,220],"class_list":{"0":"post-208241","1":"post","2":"type-post","3":"status-publish","4":"format-standard","5":"has-post-thumbnail","7":"category-ukraine","8":"tag-actualites","9":"tag-eu","10":"tag-europe","11":"tag-news","12":"tag-premium","13":"tag-ukraine"},"share_on_mastodon":{"url":"https:\/\/pubeurope.com\/@fr\/114755162868641912","error":""},"_links":{"self":[{"href":"https:\/\/www.europesays.com\/fr\/wp-json\/wp\/v2\/posts\/208241","targetHints":{"allow":["GET"]}}],"collection":[{"href":"https:\/\/www.europesays.com\/fr\/wp-json\/wp\/v2\/posts"}],"about":[{"href":"https:\/\/www.europesays.com\/fr\/wp-json\/wp\/v2\/types\/post"}],"author":[{"embeddable":true,"href":"https:\/\/www.europesays.com\/fr\/wp-json\/wp\/v2\/users\/2"}],"replies":[{"embeddable":true,"href":"https:\/\/www.europesays.com\/fr\/wp-json\/wp\/v2\/comments?post=208241"}],"version-history":[{"count":0,"href":"https:\/\/www.europesays.com\/fr\/wp-json\/wp\/v2\/posts\/208241\/revisions"}],"wp:featuredmedia":[{"embeddable":true,"href":"https:\/\/www.europesays.com\/fr\/wp-json\/wp\/v2\/media\/208242"}],"wp:attachment":[{"href":"https:\/\/www.europesays.com\/fr\/wp-json\/wp\/v2\/media?parent=208241"}],"wp:term":[{"taxonomy":"category","embeddable":true,"href":"https:\/\/www.europesays.com\/fr\/wp-json\/wp\/v2\/categories?post=208241"},{"taxonomy":"post_tag","embeddable":true,"href":"https:\/\/www.europesays.com\/fr\/wp-json\/wp\/v2\/tags?post=208241"}],"curies":[{"name":"wp","href":"https:\/\/api.w.org\/{rel}","templated":true}]}}