{"id":208250,"date":"2025-06-27T11:50:15","date_gmt":"2025-06-27T11:50:15","guid":{"rendered":"https:\/\/www.europesays.com\/fr\/208250\/"},"modified":"2025-06-27T11:50:15","modified_gmt":"2025-06-27T11:50:15","slug":"des-degats-importants-liran-admet-pour-la-premiere-fois-que-les-attaques-americaines-ont-eu-un-impact-sur-ses-sites-nucleaires","status":"publish","type":"post","link":"https:\/\/www.europesays.com\/fr\/208250\/","title":{"rendered":"\u00ab\u00a0Des d\u00e9g\u00e2ts importants\u00a0\u00bb\u00a0: l\u2019Iran admet pour la premi\u00e8re fois que les attaques am\u00e9ricaines ont eu un impact sur ses sites nucl\u00e9aires"},"content":{"rendered":"<p>  \tAlors que l\u2019Iran avait assur\u00e9 que les frappes am\u00e9ricaines sur ses installations nucl\u00e9aires n\u2019avaient eu qu\u2019un impact limit\u00e9, voil\u00e0 que le guide supr\u00eame Ali Khamenei, revient sur cette version et \u00e9voque \u00ab\u00a0d\u2019importants d\u00e9g\u00e2ts\u00a0\u00bb.<\/p>\n<p>\tEn deux mots :<\/p>\n<ul>\n<li>Le guide supr\u00eame Ali Khamenei admet des \u00ab d\u00e9g\u00e2ts importants \u00bb sur les sites nucl\u00e9aires iraniens.\n<\/li>\n<li>Abbas Araghtchi, ministre iranien des Affaires \u00e9trang\u00e8res, d\u00e9ment de nouvelles n\u00e9gociations nucl\u00e9aires.\n<\/li>\n<li>L&rsquo;Iran suspend sa coop\u00e9ration avec l&rsquo;AIEA, suscitant l&rsquo;inqui\u00e9tude des chancelleries occidentales.\n<\/li>\n<li>Les frappes isra\u00e9liennes ont caus\u00e9 627 morts en Iran, avec une riposte causant 28 d\u00e9c\u00e8s en Isra\u00ebl.<\/li>\n<\/ul>\n<p>&#13;<br \/>\n&#13;<\/p>\n<p>\u200bLes autorit\u00e9s iraniennes ont formellement d\u00e9menti les propos de Donald Trump concernant de nouvelles discussions sur le programme nucl\u00e9aire iranien. \u00ab\u00a0Je voudrais dire clairement qu\u2019aucun accord ou arrangement n\u2019a \u00e9t\u00e9 conclu en vue de commencer de nouvelles n\u00e9gociations. Il n\u2019y a pas encore de plan\u00a0\u00bb, a d\u00e9clar\u00e9 jeudi le ministre iranien des Affaires \u00e9trang\u00e8res, Abbas Araghtchi, \u00e0 la t\u00e9l\u00e9vision d\u2019\u00c9tat.<\/p>\n<p>  &#13;<br \/>\n  \u00c0 lire aussi&#13;<br \/>\n  &#13;<\/p>\n<p>  <img decoding=\"async\" data-copyright=\"AFP\" class=\"r-img\"  typeof=\"foaf:Image\" src=\"https:\/\/www.europesays.com\/fr\/wp-content\/uploads\/2025\/06\/43903412.jpeg\" alt=\"Police iranienne.\"\/><br \/>\n        <a class=\"r-stories--link\" href=\"https:\/\/www.rtl.be\/actu\/monde\/international\/liran-arrete-26-personnes-pour-collaboration-avec-israel-la-plupart-dentre-eux\/2025-06-26\/article\/754465\" rel=\"nofollow noopener\" target=\"_blank\">L\u2019Iran arr\u00eate 26 personnes pour collaboration avec Isra\u00ebl\u00a0: \u00ab\u00a0La plupart d\u2019entre eux ont confess\u00e9 leurs actes\u00a0\u00bb<\/a>&#13;<br \/>\n  &#13;<br \/>\n&#13;<\/p>\n<p>\u00ab\u00a0Des dizaines de cibles frapp\u00e9es\u00a0\u00bb\u00a0: voici ce que l\u2019on sait de l\u2019importante attaque d\u2019Isra\u00ebl en Iran<br \/>\nUn sixi\u00e8me cycle de discussions, initialement pr\u00e9vu le 15 juin sous l\u2019\u00e9gide du sultanat d\u2019Oman, avait \u00e9t\u00e9 annul\u00e9 \u00e0 cause de la guerre d\u00e9clench\u00e9e par une attaque isra\u00e9lienne sur l\u2019Iran.<\/p>\n<p>&#13;<br \/>\n&#13;<\/p>\n<p>&#13;<br \/>\n&#13;<br \/>\nFrappes et repr\u00e9sailles<\/p>\n<p>La guerre de douze jours entre Isra\u00ebl et l\u2019Iran a lourdement pes\u00e9 sur le dossier nucl\u00e9aire. Les \u00c9tats-Unis ont men\u00e9 des frappes contre des installations nucl\u00e9aires iraniennes en soutien \u00e0 Isra\u00ebl. Pour le guide supr\u00eame Ali Khamenei, ces frappes n\u2019ont eu qu\u2019un effet limit\u00e9. Le pr\u00e9sident am\u00e9ricain a exag\u00e9r\u00e9 leur impact\u00a0: \u00ab\u00a0La R\u00e9publique islamique l\u2019avait emport\u00e9 et, en repr\u00e9sailles, inflig\u00e9 une gifle cinglante au visage de l\u2019Am\u00e9rique\u00a0\u00bb, a-t-il affirm\u00e9.<\/p>\n<p>Pourtant, Abbas Araghtchi a reconnu jeudi soir des \u00ab\u00a0d\u00e9g\u00e2ts importants\u00a0\u00bb sur les sites vis\u00e9s. Les experts de l\u2019Organisation de l\u2019\u00e9nergie atomique iranienne m\u00e8nent actuellement une \u00e9valuation des destructions. \u00ab\u00a0La discussion pour exiger des dommages\u00a0\u00bb est d\u00e9sormais \u00e0 l\u2019agenda du gouvernement, a-t-il pr\u00e9cis\u00e9.<\/p>\n<p>Donald Trump a affirm\u00e9 que l\u2019Iran n\u2019avait pas eu le temps d\u2019\u00e9vacuer ses stocks avant les frappes, ce que des experts contestent partiellement, estimant qu\u2019environ 400 kg d\u2019uranium enrichi \u00e0 60\u00a0% auraient pu \u00eatre d\u00e9plac\u00e9s. Un rapport secret \u00e9voqu\u00e9 par CNN estime que les frappes n\u2019auraient que temporairement ralenti le programme nucl\u00e9aire, sans destruction des installations souterraines.<\/p>\n<p>&#13;<br \/>\n&#13;<\/p>\n<p>&#13;<br \/>\n&#13;<br \/>\nUne coop\u00e9ration avec l\u2019AIEA remise en cause<\/p>\n<p>L\u2019Agence internationale de l\u2019\u00e9nergie atomique (AIEA) a fait savoir qu\u2019elle n\u2019\u00e9tait pas en mesure d\u2019\u00e9valuer les dommages. Son directeur g\u00e9n\u00e9ral, Rafael Grossi, a soulign\u00e9 que l\u2019agence avait \u00ab\u00a0perdu la visibilit\u00e9\u00a0\u00bb sur les stocks d\u2019uranium enrichi d\u00e8s le d\u00e9but des hostilit\u00e9s.<\/p>\n<p>Dans ce contexte tendu, le Parlement iranien a vot\u00e9 la suspension de la coop\u00e9ration avec l\u2019AIEA. Le Conseil des Gardiens a valid\u00e9 la mesure, qui doit maintenant \u00eatre ratifi\u00e9e par la pr\u00e9sidence. \u00ab\u00a0D\u00e9sormais, notre relation et coop\u00e9ration avec l\u2019Agence vont prendre une autre forme\u00a0\u00bb, a annonc\u00e9 Abbas Araghtchi.<\/p>\n<p>Vives r\u00e9actions internationales<\/p>\n<p>L\u2019annonce iranienne a suscit\u00e9 l\u2019inqui\u00e9tude des chancelleries occidentales. Berlin a appel\u00e9 \u00e0 la pr\u00e9servation de la coop\u00e9ration avec l\u2019AIEA, et Paris a exhort\u00e9 T\u00e9h\u00e9ran \u00e0 reprendre \u00ab\u00a0sans d\u00e9lai la voie du dialogue\u00a0\u00bb. Le pr\u00e9sident Emmanuel Macron a mis en garde contre une \u00e9ventuelle sortie de l\u2019Iran du Trait\u00e9 de non-prolif\u00e9ration nucl\u00e9aire, qualifi\u00e9e de \u00ab\u00a0pire sc\u00e9nario\u00a0\u00bb.<\/p>\n<p>Bilan humain de la guerre<\/p>\n<p>Les cons\u00e9quences humaines de ce nouveau conflit sont lourdes\u00a0: les frappes isra\u00e9liennes ont fait au moins 627 morts et plus de 4.870 bless\u00e9s c\u00f4t\u00e9 iranien. La riposte iranienne, avec tirs de missiles et drones, a caus\u00e9 28 d\u00e9c\u00e8s en Isra\u00ebl. Dans les rues de T\u00e9h\u00e9ran, les habitants oscillent entre soulagement et m\u00e9fiance. \u00ab\u00a0Je pense que la paix persistera du c\u00f4t\u00e9 de l\u2019Iran, mais les Isra\u00e9liens n\u2019ont jamais tenu leur parole\u00a0\u00bb, a comment\u00e9 Saeed, un vendeur de 39 ans.<\/p>\n<p>Le g\u00e9n\u00e9ral de brigade isra\u00e9lien Effie Defrin a estim\u00e9 que l\u2019op\u00e9ration avait \u00ab\u00a0port\u00e9 un coup dur\u00a0\u00bb au programme nucl\u00e9aire iranien, tout en reconnaissant qu\u2019il \u00e9tait \u00ab\u00a0encore t\u00f4t pour \u00e9valuer les r\u00e9sultats\u00a0\u00bb.<\/p>\n<p>\u200b<\/p>\n<p>&#13;<br \/>\n&#13;<\/p>\n<p>&#13;<br \/>\n&#13;<\/p>\n","protected":false},"excerpt":{"rendered":"Alors que l\u2019Iran avait assur\u00e9 que les frappes am\u00e9ricaines sur ses installations nucl\u00e9aires n\u2019avaient eu qu\u2019un impact limit\u00e9,&hellip;\n","protected":false},"author":2,"featured_media":208251,"comment_status":"","ping_status":"","sticky":false,"template":"","format":"standard","meta":{"footnotes":""},"categories":[1586],"tags":[29950,11,1777,674,1779,1011,27,12,25,1778,364],"class_list":{"0":"post-208250","1":"post","2":"type-post","3":"status-publish","4":"format-standard","5":"has-post-thumbnail","7":"category-europe","8":"tag-nodefield_freetags","9":"tag-actualites","10":"tag-eu","11":"tag-europe","12":"tag-european-union","13":"tag-fr","14":"tag-france","15":"tag-news","16":"tag-republique-francaise","17":"tag-ue","18":"tag-union-europeenne"},"share_on_mastodon":{"url":"https:\/\/pubeurope.com\/@fr\/114755182521734687","error":""},"_links":{"self":[{"href":"https:\/\/www.europesays.com\/fr\/wp-json\/wp\/v2\/posts\/208250","targetHints":{"allow":["GET"]}}],"collection":[{"href":"https:\/\/www.europesays.com\/fr\/wp-json\/wp\/v2\/posts"}],"about":[{"href":"https:\/\/www.europesays.com\/fr\/wp-json\/wp\/v2\/types\/post"}],"author":[{"embeddable":true,"href":"https:\/\/www.europesays.com\/fr\/wp-json\/wp\/v2\/users\/2"}],"replies":[{"embeddable":true,"href":"https:\/\/www.europesays.com\/fr\/wp-json\/wp\/v2\/comments?post=208250"}],"version-history":[{"count":0,"href":"https:\/\/www.europesays.com\/fr\/wp-json\/wp\/v2\/posts\/208250\/revisions"}],"wp:featuredmedia":[{"embeddable":true,"href":"https:\/\/www.europesays.com\/fr\/wp-json\/wp\/v2\/media\/208251"}],"wp:attachment":[{"href":"https:\/\/www.europesays.com\/fr\/wp-json\/wp\/v2\/media?parent=208250"}],"wp:term":[{"taxonomy":"category","embeddable":true,"href":"https:\/\/www.europesays.com\/fr\/wp-json\/wp\/v2\/categories?post=208250"},{"taxonomy":"post_tag","embeddable":true,"href":"https:\/\/www.europesays.com\/fr\/wp-json\/wp\/v2\/tags?post=208250"}],"curies":[{"name":"wp","href":"https:\/\/api.w.org\/{rel}","templated":true}]}}