{"id":208254,"date":"2025-06-27T11:52:10","date_gmt":"2025-06-27T11:52:10","guid":{"rendered":"https:\/\/www.europesays.com\/fr\/208254\/"},"modified":"2025-06-27T11:52:10","modified_gmt":"2025-06-27T11:52:10","slug":"la-cfdt-ferme-la-porte-aux-nouvelles-seances-de-negociation-souhaitees-par-francois-bayrou","status":"publish","type":"post","link":"https:\/\/www.europesays.com\/fr\/208254\/","title":{"rendered":"la CFDT ferme la porte aux \u00abnouvelles s\u00e9ances de n\u00e9gociation\u00bb souhait\u00e9es par Fran\u00e7ois Bayrou"},"content":{"rendered":"<p>\u00abNous ne voulons pas de nouvelles s\u00e9ances de n\u00e9gociation\u00bb sur la r\u00e9forme des retraites alors que \u00able conclave est termin\u00e9 depuis lundi\u00bb, a d\u00e9clar\u00e9 vendredi \u00e0 l\u2019AFP Marylise L\u00e9on.<\/p>\n<p class=\"fig-paragraph\">C\u2019est non. Ce vendredi,\u00a0<a href=\"http:\/\/www.lefigaro.fr\/social\/retraites-ces-centaines-de-milliers-de-francais-qui-oublient-de-reclamer-une-partie-de-leur-pension-20250627\" data-fig-type=\"Article\" data-gtm-custom-categorie=\"navigation\" data-gtm-custom-action=\"crossclick\" data-gtm-custom-label=\"Contextuel\" data-gtm-event=\"customEventSPE\" data-fig-domain=\"LEFIGARO\" target=\"_blank\" rel=\"noopener\">le premier syndicat tricolore<\/a>\u00a0a ferm\u00e9 la porte \u00e0 de nouvelles s\u00e9ances de n\u00e9gociation sur le syst\u00e8me des retraites, mises sur la table par le premier ministre la veille. \u00abNous ne voulons pas de nouvelles s\u00e9ances de n\u00e9gociation\u00bb sur la r\u00e9forme des retraites alors que \u00able conclave est termin\u00e9 depuis lundi\u00bb, a d\u00e9clar\u00e9 vendredi \u00e0 l\u2019AFP la secr\u00e9taire g\u00e9n\u00e9rale de la CFDT Marylise L\u00e9on.<\/p>\n<p class=\"fig-paragraph\">Elle a ajout\u00e9 que les deux derniers points de blocage relev\u00e9s par le premier ministre pour parvenir \u00e0 un accord avec le patronat, sur la p\u00e9nibilit\u00e9 et le financement du syst\u00e8me de retraites, \u00e9taient \u00abdeux \u00e9l\u00e9ments extr\u00eamement importants et structurants des discussions\u00bb. Et ce, alors que Fran\u00e7ois Bayrou minimisait leur importance, lors de sa conf\u00e9rence de presse.<\/p>\n<p class=\"fig-paragraph\">Jeudi apr\u00e8s-midi, Fran\u00e7ois Bayrou avait temporis\u00e9 sur le sujet, en assurant qu\u2019un accord entre les partenaires sociaux \u00e9tait encore possible. \u00abJe suis impressionn\u00e9 par progr\u00e8s qui ont \u00e9t\u00e9 faits depuis quatre mois\u00bb, assurait-il, ajoutant que \u00abLes experts et n\u00e9gociateurs vont se remettre au travail pour rapprocher les points de vue\u00bb. Les \u00e9changes devaient durer entre dix jours et trois semaines, et mener \u00e0 un texte d\u2019\u00e9quilibre, qui sera repris par le gouvernement dans le cadre de l\u2019examen du projet de loi de financement de la S\u00e9curit\u00e9 sociale, \u00e0 l\u2019automne.<\/p>\n<p>Motion de censure en vue<\/p>\n<p class=\"fig-paragraph\">\u00abSi \u00e0 un moment, le gouvernement veut trouver une voie d\u2019\u00e9quilibre, il faut qu\u2019il comprenne que, pour mon organisation, il n\u2019y a pas de voie de passage sans la r\u00e9paration sur la p\u00e9nibilit\u00e9, avec le dispositif qu\u2019on a propos\u00e9\u00bb, a-t-elle encore affirm\u00e9, ajoutant que le bureau national de la CFDT avait rendu un avis \u00abunanime\u00bb en ce sens vendredi matin. Il faut \u00e9galement un \u00ab\u00e9quilibre dans les efforts financiers\u00bb, a insist\u00e9 la dirigeante du premier syndicat. \u00abAujourd\u2019hui, les entreprises ne peuvent pas continuer de dire que c\u2019est sans elles. On ne peut pas dire qu\u2019on n\u00e9gocie, qu\u2019on discute, mais qu\u2019on ne participe pas \u00e0 l\u2019effort. \u00c7a ne peut pas fonctionner comme \u00e7a\u00bb, selon Marylise L\u00e9on.<\/p>\n<p class=\"fig-paragraph\">Le gouvernement a tent\u00e9 vendredi matin de pousser syndicats et patronat \u00e0 n\u00e9gocier, la porte-parole du gouvernement Sophie Primas disant avoir \u00abbon espoir que nous y arrivions\u00bb pour la mi-juillet et expliquant qu\u2019\u00abil faut aller au bout de cet accord\u00bb.<\/p>\n<p class=\"fig-paragraph\">Trois syndicats sur cinq (CFDT, CFE-CGC et CFTC) ainsi que le Medef et la CPME c\u00f4t\u00e9 patronal ont \u00e9chou\u00e9 lundi, apr\u00e8s\u00a0<a href=\"http:\/\/www.lefigaro.fr\/social\/conclave-sur-les-retraites-francois-bayrou-donnera-jeudi-apres-midi-le-resultat-des-dernieres-discussions-20250625\" data-fig-type=\"NewsFlash\" data-gtm-custom-categorie=\"navigation\" data-gtm-custom-action=\"crossclick\" data-gtm-custom-label=\"Contextuel\" data-gtm-event=\"customEventSPE\" data-fig-domain=\"LEFIGARO\" target=\"_blank\" rel=\"noopener\">quatre mois de discussions<\/a>, \u00e0 parvenir \u00e0 un accord pour am\u00e9liorer la r\u00e9forme des retraites de 2023, qui repousse l\u2019\u00e2ge l\u00e9gal de d\u00e9part \u00e0 64 ans \u00e0 partir de la g\u00e9n\u00e9ration n\u00e9e en 1968.<\/p>\n<p class=\"fig-paragraph\">Cet \u00e9chec fragilise le gouvernement de Fran\u00e7ois Bayrou, le Parti socialiste ayant annonc\u00e9 qu\u2019il allait d\u00e9poser une motion de censure pour le faire tomber. Mais elle a tr\u00e8s peu de chances d\u2019aboutir \u00e9tant donn\u00e9 que le Rassemblement national a indiqu\u00e9 qu\u2019il ne censurerait pas le gouvernement avant la discussion budg\u00e9taire de cet automne.<\/p>\n","protected":false},"excerpt":{"rendered":"\u00abNous ne voulons pas de nouvelles s\u00e9ances de n\u00e9gociation\u00bb sur la r\u00e9forme des retraites alors que \u00able conclave&hellip;\n","protected":false},"author":2,"featured_media":208255,"comment_status":"","ping_status":"","sticky":false,"template":"","format":"standard","meta":{"footnotes":""},"categories":[2],"tags":[11,8334,343,8327,8324,8328,257,590,8333,1011,27,8329,12,8325,8331,8332,8323,25,8322,137,1019,801,8330,8326],"class_list":{"0":"post-208254","1":"post","2":"type-post","3":"status-publish","4":"format-standard","5":"has-post-thumbnail","7":"category-actualites","8":"tag-actualites","9":"tag-actualites-sociales","10":"tag-cac-40","11":"tag-comoite-dentreprise","12":"tag-conjoncture","13":"tag-elections-syndicales","14":"tag-entreprise","15":"tag-finance","16":"tag-fiscalite-des-entreprises","17":"tag-fr","18":"tag-france","19":"tag-gestion-entreprise","20":"tag-news","21":"tag-oeuvres-sociales","22":"tag-pme","23":"tag-pmi","24":"tag-primes","25":"tag-republique-francaise","26":"tag-ressources-humaines","27":"tag-retraite","28":"tag-rh","29":"tag-social","30":"tag-tpe","31":"tag-trseorerie"},"share_on_mastodon":{"url":"https:\/\/pubeurope.com\/@fr\/114755190322888468","error":""},"_links":{"self":[{"href":"https:\/\/www.europesays.com\/fr\/wp-json\/wp\/v2\/posts\/208254","targetHints":{"allow":["GET"]}}],"collection":[{"href":"https:\/\/www.europesays.com\/fr\/wp-json\/wp\/v2\/posts"}],"about":[{"href":"https:\/\/www.europesays.com\/fr\/wp-json\/wp\/v2\/types\/post"}],"author":[{"embeddable":true,"href":"https:\/\/www.europesays.com\/fr\/wp-json\/wp\/v2\/users\/2"}],"replies":[{"embeddable":true,"href":"https:\/\/www.europesays.com\/fr\/wp-json\/wp\/v2\/comments?post=208254"}],"version-history":[{"count":0,"href":"https:\/\/www.europesays.com\/fr\/wp-json\/wp\/v2\/posts\/208254\/revisions"}],"wp:featuredmedia":[{"embeddable":true,"href":"https:\/\/www.europesays.com\/fr\/wp-json\/wp\/v2\/media\/208255"}],"wp:attachment":[{"href":"https:\/\/www.europesays.com\/fr\/wp-json\/wp\/v2\/media?parent=208254"}],"wp:term":[{"taxonomy":"category","embeddable":true,"href":"https:\/\/www.europesays.com\/fr\/wp-json\/wp\/v2\/categories?post=208254"},{"taxonomy":"post_tag","embeddable":true,"href":"https:\/\/www.europesays.com\/fr\/wp-json\/wp\/v2\/tags?post=208254"}],"curies":[{"name":"wp","href":"https:\/\/api.w.org\/{rel}","templated":true}]}}