{"id":208260,"date":"2025-06-27T11:56:10","date_gmt":"2025-06-27T11:56:10","guid":{"rendered":"https:\/\/www.europesays.com\/fr\/208260\/"},"modified":"2025-06-27T11:56:10","modified_gmt":"2025-06-27T11:56:10","slug":"finale-toulouse-bordeaux-les-analystes-video-au-coeur-de-la-strategie-des-clubs-de-rugby-lequipe","status":"publish","type":"post","link":"https:\/\/www.europesays.com\/fr\/208260\/","title":{"rendered":"Finale Toulouse-Bordeaux, les analystes vid\u00e9o au coeur de la strat\u00e9gie des clubs de rugby &#8211; L&#039;\u00c9quipe"},"content":{"rendered":"<ol>\n<li><a href=\"https:\/\/news.google.com\/rss\/articles\/CBMizgFBVV95cUxNb0dIUm9fZDFZQkhidnZvRXYwTmgzRU5IVnRvMXFLSURQVHlKTkVlNFphb3ROcGtzVUlVdTRyZ01nZEVOeklDbnVVTU9wX2YyUTJuSkFVWGllV2FKWURjNDJsNTZnZ21rRUdLRVBmZjdUX2F6UnBINDlzVkNLaDF5WDR0aHd0SXFvY0s4VmFua2xkMHpSRmlhYkdaRWo3SW9mRjhkOHBPT0RoOGZtUmF5VlpWaVJoODFJUU5tUVc0UzdHZ3FxTmMzT0FVa185dw?oc=5\" target=\"_blank\" rel=\"nofollow noopener\">Finale Toulouse-Bordeaux, les analystes vid\u00e9o au coeur de la strat\u00e9gie des clubs de rugby<\/a>&nbsp;&nbsp;L&rsquo;\u00c9quipe<\/li>\n<li><a href=\"https:\/\/news.google.com\/rss\/articles\/CBMizgFBVV95cUxNSlNWRnl6akxoUjFtd3Y3MHNGdklUY2Y1UU5UVTREa3BuZlJIMXg2NUJKQkxWWk5UM01NOENJOWJjMHpNTmNMU2JZZmwxeHJWeU5Gb2tYNTFtWTU2X3ZLZEkwY2xoSEl4X1l3b2ZJcW80SGJjeEtZa280cEx4VWhmYURtLWlSQTFZeEFDd0dmbng0RS1IZG1iUEhDQkJvaFk4eU5jYVlZZDZmOXJfNkI3cVQzZHBOWHF4elIwNzluRGFLbkxFNUJZSU1yMDk2dw?oc=5\" target=\"_blank\" rel=\"nofollow noopener\">Finale Top 14 \u2013 En statistiques, comment l\u2019UBB a fait exploser Toulouse en Champions Cup<\/a>&nbsp;&nbsp;Rugbyrama<\/li>\n<li><a href=\"https:\/\/news.google.com\/rss\/articles\/CBMi0wFBVV95cUxNNHpKQWZjbTJrRWxWVXpHNXpKekN3LUVUTzI0WVYzeHdpeHNnQXRRNkRYbzZmZ0dReWVwM3hwZ09IcUtfX3JMUEMwZGsyemlPVzJUQ1FLQTNlTmFTXzRyS3E5Sk1GczFqS29qalZWWnRXVmZWLUpOMS1tYks2QXJsaHZqNlV4V3NXLTFoUUc3RTFJSXpBTkN6ZlBvMEJkNTcyOTBjWG55MjJscXo5QUxORFVMSnVYWG9hUmJpYjVaTDRHVVU0aHh0dC1zTnl3eEpfQVhz?oc=5\" target=\"_blank\" rel=\"nofollow noopener\">Top 14 : le chor\u00e9graphe Benjamin Millepied aux manettes de la c\u00e9r\u00e9monie d\u2019avant-finale<\/a>&nbsp;&nbsp;Le Figaro<\/li>\n<li><a href=\"https:\/\/news.google.com\/rss\/articles\/CBMi6gFBVV95cUxQRHJDZ2gxdm9JODluclZrYVYxUVVqbDIzZGZjV0ZOaGZULU5QVnJQWjYwOURWOE9BSzYzeWlVOHN6UWdyMFgxTWV4UDB1OW1xRHJUNHBCMkpVVFZnLXRNUEs0OFdjREdiSWJ5S3dONTJxVW02TDVWcEliOFhjYnlqYUQ0N0k5ZXQ3cldoeVpSX0RKbnBWaTRBX2o2NkNmeHdQcVZQOHlUUlNDYUEwRFRJUEQwQUViZFVpN0x5enlVVFo1eDcwNVJtMEZQN0dHT1VTMS1KeHZfVlFfX3p6dEJpVm1YdlgxdlFUMUE?oc=5\" target=\"_blank\" rel=\"nofollow noopener\">Toulouse. Acc\u00e8s, circulation, m\u00e9tro : tout savoir sur l&rsquo;\u00e9cran g\u00e9ant du Capitole pour la finale de Top 14<\/a>&nbsp;&nbsp;Actu.fr<\/li>\n<li><a href=\"https:\/\/news.google.com\/rss\/articles\/CBMi2wFBVV95cUxPdHpuaXZNVGZOSlRnNEtNOFRISVg3Z0ZtV0RqRUtXZnliaEowWVI0MnVsY3BmZ3RUM3hfMm5OQjJlNmdOSUN5MGphT0EtejRRZGJHaUlNMlRlS1B2N3JyaUE3UkhVT0ZCRlpIZjM4Sy1xRE5TS0VKRzFYZGUyUHhmX25rdTU2RUtCZUpTb0E5VnJ1YkNsUGozLVhoeGZ0SXFWazM2TlJPa21MWjc1UWlIX3hKaXBCb09CQTdDZXVjRlZnTXpwUFNRLTRtQWlhM2VHV2loT0M1TWVkeUk?oc=5\" target=\"_blank\" rel=\"nofollow noopener\">Rugby : l\u2019Union Bordeaux B\u00e8gles contre le Stade Toulousain en finale du Top 14, une revanche \u00e0 double titre<\/a>&nbsp;&nbsp;L&rsquo;Humanit\u00e9<\/li>\n<\/ol>\n","protected":false},"excerpt":{"rendered":"Finale Toulouse-Bordeaux, les analystes vid\u00e9o au coeur de la strat\u00e9gie des clubs de rugby&nbsp;&nbsp;L&rsquo;\u00c9quipe Finale Top 14 \u2013&hellip;\n","protected":false},"author":2,"featured_media":208261,"comment_status":"","ping_status":"","sticky":false,"template":"","format":"standard","meta":{"footnotes":""},"categories":[1416],"tags":[1011,27,479,1468,60],"class_list":{"0":"post-208260","1":"post","2":"type-post","3":"status-publish","4":"format-standard","5":"has-post-thumbnail","7":"category-rugby","8":"tag-fr","9":"tag-france","10":"tag-rugby","11":"tag-rugby-football","12":"tag-sports"},"share_on_mastodon":{"url":"https:\/\/pubeurope.com\/@fr\/114755206095780992","error":""},"_links":{"self":[{"href":"https:\/\/www.europesays.com\/fr\/wp-json\/wp\/v2\/posts\/208260","targetHints":{"allow":["GET"]}}],"collection":[{"href":"https:\/\/www.europesays.com\/fr\/wp-json\/wp\/v2\/posts"}],"about":[{"href":"https:\/\/www.europesays.com\/fr\/wp-json\/wp\/v2\/types\/post"}],"author":[{"embeddable":true,"href":"https:\/\/www.europesays.com\/fr\/wp-json\/wp\/v2\/users\/2"}],"replies":[{"embeddable":true,"href":"https:\/\/www.europesays.com\/fr\/wp-json\/wp\/v2\/comments?post=208260"}],"version-history":[{"count":0,"href":"https:\/\/www.europesays.com\/fr\/wp-json\/wp\/v2\/posts\/208260\/revisions"}],"wp:featuredmedia":[{"embeddable":true,"href":"https:\/\/www.europesays.com\/fr\/wp-json\/wp\/v2\/media\/208261"}],"wp:attachment":[{"href":"https:\/\/www.europesays.com\/fr\/wp-json\/wp\/v2\/media?parent=208260"}],"wp:term":[{"taxonomy":"category","embeddable":true,"href":"https:\/\/www.europesays.com\/fr\/wp-json\/wp\/v2\/categories?post=208260"},{"taxonomy":"post_tag","embeddable":true,"href":"https:\/\/www.europesays.com\/fr\/wp-json\/wp\/v2\/tags?post=208260"}],"curies":[{"name":"wp","href":"https:\/\/api.w.org\/{rel}","templated":true}]}}