{"id":20827,"date":"2025-04-12T23:21:11","date_gmt":"2025-04-12T23:21:11","guid":{"rendered":"https:\/\/www.europesays.com\/fr\/20827\/"},"modified":"2025-04-12T23:21:11","modified_gmt":"2025-04-12T23:21:11","slug":"cest-tres-preoccupant-la-russie-pourrait-deployer-des-armes-nucleaires-dans-lespace-selon-lotan","status":"publish","type":"post","link":"https:\/\/www.europesays.com\/fr\/20827\/","title":{"rendered":"\u00ab\u00a0C&rsquo;est tr\u00e8s pr\u00e9occupant\u00a0\u00bb : la Russie pourrait d\u00e9ployer des armes nucl\u00e9aires dans l&rsquo;espace, selon l&rsquo;Otan"},"content":{"rendered":"<p class=\"ap-StoryElement ap-StoryElement--mb ap-StoryText\">Selon le chef de l&rsquo;Alliance atlantique, le d\u00e9veloppement de ces armes antisatellites est tr\u00e8s pr\u00e9occupant. La destruction de satellites provoquerait en effet le chaos sur Terre, de nombreux syst\u00e8mes d\u00e9pendant d&rsquo;eux pour leur fonctionnement. Cela affecterait non seulement le domaine commercial, mais aussi la d\u00e9fense et donc la s\u00e9curit\u00e9 de mani\u00e8re g\u00e9n\u00e9rale, a pr\u00e9cis\u00e9 Mark Rutte.<\/p>\n<p><a href=\"https:\/\/www.lalibre.be\/international\/europe\/guerre-ukraine-russie\/2024\/11\/19\/guerre-en-ukraine-poutine-signe-le-decret-elargissant-les-possibilites-de-recours-a-larme-nucleaire-P7JHTYVJ4VBAFOKUI2H67KBDHI\/\" target=\"_blank\" rel=\"noopener noreferrer\" class=\"ap-StoryInterstitialLink ap-StoryElement ap-StoryElement--mb\">Guerre en Ukraine: Poutine \u00e9largit les possibilit\u00e9s l\u00e9gales de recours \u00e0 l&rsquo;arme nucl\u00e9aire<\/a>Une violation potentielle d&rsquo;un trait\u00e9 de l&rsquo;Otan<\/p>\n<p class=\"ap-StoryElement ap-StoryElement--mb ap-StoryText\">Le N\u00e9erlandais a \u00e9galement mis en garde contre une violation potentielle du Trait\u00e9 sur l&rsquo;espace extra-atmosph\u00e9rique de 1967, qui pr\u00e9voit la non militarisation de la Lune et des corps c\u00e9lestes ainsi que l&rsquo;interdiction de la mise sur orbite d&rsquo;armes nucl\u00e9aires. Le trait\u00e9 a \u00e9t\u00e9 ratifi\u00e9 par la plupart des pays, dont la Russie et les \u00c9tats-Unis.<\/p>\n","protected":false},"excerpt":{"rendered":"Selon le chef de l&rsquo;Alliance atlantique, le d\u00e9veloppement de ces armes antisatellites est tr\u00e8s pr\u00e9occupant. La destruction de&hellip;\n","protected":false},"author":2,"featured_media":2942,"comment_status":"","ping_status":"","sticky":false,"template":"","format":"standard","meta":{"footnotes":""},"categories":[1591],"tags":[11,386,1887,12,136,1885,1886,132],"class_list":{"0":"post-20827","1":"post","2":"type-post","3":"status-publish","4":"format-standard","5":"has-post-thumbnail","7":"category-russie","8":"tag-actualites","9":"tag-espace","10":"tag-federation-de-russie","11":"tag-news","12":"tag-otan","13":"tag-russia","14":"tag-russian-federation","15":"tag-russie"},"share_on_mastodon":{"url":"https:\/\/pubeurope.com\/@fr\/114327564081131654","error":""},"_links":{"self":[{"href":"https:\/\/www.europesays.com\/fr\/wp-json\/wp\/v2\/posts\/20827","targetHints":{"allow":["GET"]}}],"collection":[{"href":"https:\/\/www.europesays.com\/fr\/wp-json\/wp\/v2\/posts"}],"about":[{"href":"https:\/\/www.europesays.com\/fr\/wp-json\/wp\/v2\/types\/post"}],"author":[{"embeddable":true,"href":"https:\/\/www.europesays.com\/fr\/wp-json\/wp\/v2\/users\/2"}],"replies":[{"embeddable":true,"href":"https:\/\/www.europesays.com\/fr\/wp-json\/wp\/v2\/comments?post=20827"}],"version-history":[{"count":0,"href":"https:\/\/www.europesays.com\/fr\/wp-json\/wp\/v2\/posts\/20827\/revisions"}],"wp:featuredmedia":[{"embeddable":true,"href":"https:\/\/www.europesays.com\/fr\/wp-json\/wp\/v2\/media\/2942"}],"wp:attachment":[{"href":"https:\/\/www.europesays.com\/fr\/wp-json\/wp\/v2\/media?parent=20827"}],"wp:term":[{"taxonomy":"category","embeddable":true,"href":"https:\/\/www.europesays.com\/fr\/wp-json\/wp\/v2\/categories?post=20827"},{"taxonomy":"post_tag","embeddable":true,"href":"https:\/\/www.europesays.com\/fr\/wp-json\/wp\/v2\/tags?post=20827"}],"curies":[{"name":"wp","href":"https:\/\/api.w.org\/{rel}","templated":true}]}}