{"id":208273,"date":"2025-06-27T12:03:11","date_gmt":"2025-06-27T12:03:11","guid":{"rendered":"https:\/\/www.europesays.com\/fr\/208273\/"},"modified":"2025-06-27T12:03:11","modified_gmt":"2025-06-27T12:03:11","slug":"agathe-lecaron-en-larmes-pour-des-adieux-en-chanson","status":"publish","type":"post","link":"https:\/\/www.europesays.com\/fr\/208273\/","title":{"rendered":"Agathe Lecaron, en larmes, pour des adieux en chanson"},"content":{"rendered":"<p>Apr\u00e8s presque dix ans \u00e0 faire vibrer <a href=\"https:\/\/www.20minutes.fr\/arts-stars\/television\/2781479-20200518-maison-maternelles-coulisses-emission-deconfinee-france-5\" class=\"color-ultramarine c-link\" target=\"_blank\" rel=\"noopener\">La Maison des maternelles<\/a>, <a href=\"https:\/\/www.20minutes.fr\/arts-stars\/television\/4158121-20250612-agathe-lecaron-quitte-maison-maternelles-verriez-succeder-racontez\" class=\"color-ultramarine c-link\" target=\"_blank\" rel=\"noopener\">Agathe Lecaron<\/a> a tir\u00e9 sa r\u00e9v\u00e9rence ce vendredi sur <a href=\"https:\/\/www.20minutes.fr\/television\/france_2\/\" class=\"color-ultramarine c-link\" target=\"_blank\" rel=\"noopener\">France 2<\/a>. Pour son dernier tour de piste \u00e0 la barre de ce rendez-vous culte sur la <a href=\"https:\/\/www.20minutes.fr\/dossier\/parentalite\" class=\"color-ultramarine c-link\" target=\"_blank\" rel=\"noopener\">parentalit\u00e9<\/a>, qu\u2019elle pilote depuis\u00a02016, la production a mis les petits plats dans les grands avec des surprises\u00a0!<\/p>\n<\/p>\n<p>\u00ab\u00a0Il faudra se battre pour qu\u2019elle continue\u00a0\u00bb<\/p>\n<p>Un montage vid\u00e9o a d\u2019abord fait d\u00e9filer les moments forts d\u2019Agathe Lecaron aux c\u00f4t\u00e9s de ses chroniqueurs, un concentr\u00e9 d\u2019\u00e9motion qui l\u2019a fait fondre en larmes. Puis, l\u2019\u00e9quipe au grand complet a envahi le plateau, chacun une feuille \u00e0 la main. \u00ab\u00a0Ohlala, vous m\u2019avez pr\u00e9par\u00e9 une chanson\u00a0\u00bb, s\u2019est exclam\u00e9e Agathe Lecaron, le c\u0153ur serr\u00e9.<\/p>\n<p>Entre deux sanglots, elle a tenu \u00e0 saluer ses complices avant de l\u00e2cher, \u00e9mue\u00a0: \u00ab\u00a0Cette \u00e9mission, elle va me survivre, et c\u2019est normal, et il faudra se battre pour qu\u2019elle continue parce qu\u2019elle sauve des vies, et je le dis vraiment du plus profond de mon c\u0153ur. Je vous retrouverais tr\u00e8s vite pour de nouvelles aventures, supers, aussi\u00a0!\u00a0\u00bb<\/p>\n<p>\u00ab\u00a0J\u2019ai grandi avec vous et mes enfants aussi\u00a0!\u00a0\u00bb<\/p>\n<p>N\u00e9e en\u00a02001 sur France 5 sous le nom Les Maternelles, l\u2019\u00e9mission a vu d\u00e9filer avant Agathe des pointures comme <a href=\"https:\/\/www.20minutes.fr\/dossier\/maitena-biraben\" class=\"color-ultramarine c-link\" target=\"_blank\" rel=\"noopener\">Ma\u00eftena Biraben<\/a>, Karine Le\u00a0Marchand, \u00c9lizabeth Tchoungui, <a href=\"https:\/\/www.20minutes.fr\/arts-stars\/people\/4109296-20240910-france-televisions-defend-daphne-burki-lea-salame-contre-commentaires-negatifs-pendant-jo\" target=\"_blank\" class=\"color-ultramarine c-link\" rel=\"noopener\">Daphn\u00e9 B\u00fcrki<\/a>, Julia Vignali et Sidonie Bonnec. \u00ab\u00a0Cette \u00e9mission a marqu\u00e9 toutes les animatrices qui l\u2019ont pr\u00e9sent\u00e9, elle m\u2019a rendu, je pense, meilleure, plus intelligente, et s\u00fbrement une meilleure personne\u00a0\u00bb, a-t-elle confi\u00e9, avant d\u2019ajouter pour d\u00e9dramatiser\u00a0: \u00ab\u00a0Ce que je dis est ridicule\u00a0\u00bb.<\/p>\n<p>Un clin d\u2019\u0153il aux t\u00e9l\u00e9spectateurs a suivi\u00a0: \u00ab\u00a0Merci beaucoup de nous avoir nourris, accompagn\u00e9s. J\u2019ai grandi avec vous et mes enfants aussi\u00a0!\u00a0\u00bb Puis, un mot tendre pour ses chroniqueurs sur le plateau\u00a0: \u00ab\u00a0et tous les quatre, je vous aime\u00a0\u00bb. L\u2019\u00e9quipe a ensuite entonn\u00e9 une chanson en l\u2019honneur de l\u2019animatrice.<\/p>\n<p class=\"mb-xxl@xs color-ultramarine font-weight-semi-bold@xs font-source-serif-pro heading-s@xs\">L\u2019acc\u00e8s \u00e0 ce contenu a \u00e9t\u00e9 bloqu\u00e9 afin de respecter votre choix de consentement<\/p>\n<p class=\"mb-m@xs text-l@xs\">En cliquant sur\u00ab J\u2019accepte \u00bb, vous acceptez le d\u00e9p\u00f4t de cookies par des services externes et aurez ainsi acc\u00e8s aux contenus de nos partenaires.<\/p>\n<p class=\"mb-xl@xs text-s@xs\">Plus d\u2019informations sur la page<a href=\"https:\/\/www.20minutes.fr\/gestion-cookies\" class=\"mx-xxs@xs color-ultramarine\" target=\"_blank\" rel=\"noopener\">Politique de gestion des cookies<\/a><\/p>\n<p>J\u2019accepte<\/p>\n<p>Sur Instagram, elle a r\u00e9sum\u00e9 l\u2019instant en l\u00e9gende d\u2019une vid\u00e9o de ces adieux\u00a0: \u00ab\u00a0Dieu que c\u2019est difficile de partir\u00a0\u00bb. Et d\u2019accueillir chaleureusement sa rempla\u00e7ante \u00e0 la rentr\u00e9e sur <a href=\"https:\/\/www.20minutes.fr\/television\/france_4\/\" class=\"color-ultramarine c-link\" target=\"_blank\" rel=\"noopener\">France 4<\/a>\u00a0: \u00ab\u00a0Bienvenue \u00e0 <a href=\"https:\/\/www.20minutes.fr\/arts-stars\/medias\/4159544-20250620-maternelles-quoi-va-ressembler-nouvelle-version-emission-france-4-marie-portolano\" class=\"color-ultramarine c-link\" target=\"_blank\" rel=\"noopener\">Marie Portolano<\/a>, celle qui saura vous accompagner de toute son intelligence, son humour et sa sensibilit\u00e9, dont elle d\u00e9borde.\u00a0\u00bb<\/p>\n","protected":false},"excerpt":{"rendered":"Apr\u00e8s presque dix ans \u00e0 faire vibrer La Maison des maternelles, Agathe Lecaron a tir\u00e9 sa r\u00e9v\u00e9rence ce&hellip;\n","protected":false},"author":2,"featured_media":208274,"comment_status":"","ping_status":"","sticky":false,"template":"","format":"standard","meta":{"footnotes":""},"categories":[1359],"tags":[33013,58,59,1011,27,22363,594,5758,6197,973,252],"class_list":{"0":"post-208273","1":"post","2":"type-post","3":"status-publish","4":"format-standard","5":"has-post-thumbnail","7":"category-people","8":"tag-20minus","9":"tag-divertissement","10":"tag-entertainment","11":"tag-fr","12":"tag-france","13":"tag-france-4","14":"tag-france-2","15":"tag-maternelle","16":"tag-parentalite","17":"tag-people","18":"tag-television"},"share_on_mastodon":{"url":"https:\/\/pubeurope.com\/@fr\/114755233584398775","error":""},"_links":{"self":[{"href":"https:\/\/www.europesays.com\/fr\/wp-json\/wp\/v2\/posts\/208273","targetHints":{"allow":["GET"]}}],"collection":[{"href":"https:\/\/www.europesays.com\/fr\/wp-json\/wp\/v2\/posts"}],"about":[{"href":"https:\/\/www.europesays.com\/fr\/wp-json\/wp\/v2\/types\/post"}],"author":[{"embeddable":true,"href":"https:\/\/www.europesays.com\/fr\/wp-json\/wp\/v2\/users\/2"}],"replies":[{"embeddable":true,"href":"https:\/\/www.europesays.com\/fr\/wp-json\/wp\/v2\/comments?post=208273"}],"version-history":[{"count":0,"href":"https:\/\/www.europesays.com\/fr\/wp-json\/wp\/v2\/posts\/208273\/revisions"}],"wp:featuredmedia":[{"embeddable":true,"href":"https:\/\/www.europesays.com\/fr\/wp-json\/wp\/v2\/media\/208274"}],"wp:attachment":[{"href":"https:\/\/www.europesays.com\/fr\/wp-json\/wp\/v2\/media?parent=208273"}],"wp:term":[{"taxonomy":"category","embeddable":true,"href":"https:\/\/www.europesays.com\/fr\/wp-json\/wp\/v2\/categories?post=208273"},{"taxonomy":"post_tag","embeddable":true,"href":"https:\/\/www.europesays.com\/fr\/wp-json\/wp\/v2\/tags?post=208273"}],"curies":[{"name":"wp","href":"https:\/\/api.w.org\/{rel}","templated":true}]}}