{"id":208279,"date":"2025-06-27T12:06:20","date_gmt":"2025-06-27T12:06:20","guid":{"rendered":"https:\/\/www.europesays.com\/fr\/208279\/"},"modified":"2025-06-27T12:06:20","modified_gmt":"2025-06-27T12:06:20","slug":"participer-a-star-academy-je-suis-ouverte-a-toute-opportunite-confie-drea","status":"publish","type":"post","link":"https:\/\/www.europesays.com\/fr\/208279\/","title":{"rendered":"\u00ab\u00a0Participer \u00e0 \u00a0\u00bbStar Academy\u00a0\u00bb\u00a0? Je suis ouverte \u00e0 toute opportunit\u00e9\u00a0\u00bb, confie Dr\u00e9a"},"content":{"rendered":"<p>Elle a appris par un appel du t\u00e9l\u00e9phone rouge qu\u2019elle \u00e9tait \u00e9limin\u00e9e. Dr\u00e9a est la deuxi\u00e8me candidate \u00e0 quitter la saison 13 de \u00ab\u00a0<a href=\"https:\/\/www.20minutes.fr\/dossier\/secret_story\" class=\"color-ultramarine c-link\" rel=\"nofollow noopener\" target=\"_blank\">Secret Story<\/a>\u00a0\u00bb. Elle a quitt\u00e9 la Maison des Secrets avant le d\u00e9but du prime anim\u00e9 par <a href=\"https:\/\/www.20minutes.fr\/arts-stars\/television\/4157702-20250610-torrents-haine-homophobe-christophe-beaugrand-evoque-insultes-recues-apres-home-jacking\" class=\"color-ultramarine c-link\" rel=\"nofollow noopener\" target=\"_blank\">Christophe Beaugrand<\/a> diffus\u00e9 jeudi sur <a href=\"https:\/\/www.20minutes.fr\/arts-stars\/television\/nt1\/\" class=\"color-ultramarine c-link\" rel=\"nofollow noopener\" target=\"_blank\">TFX<\/a>. La Franco-cor\u00e9enne de 19 ans ne se laisse pourtant pas d\u00e9moraliser, comme elle l\u2019a fait savoir \u00e0 20 Minutes qui l\u2019a jointe ce vendredi matin\u2026<\/p>\n<p>Dans quel \u00e9tat d\u2019esprit \u00eates-vous quelques heures apr\u00e8s votre sortie de la Maison des Secrets\u00a0?<\/p>\n<p>Je suis dans le m\u00eame \u00e9tat d\u2019esprit qu\u2019hier [jeudi] soir o\u00f9 je me disais que, si je sortais, \u00e7a voulait dire que quelque chose de meilleur m\u2019attendait dehors. Je reste tr\u00e8s positive car l\u2019aventure ne s\u2019arr\u00eate pas pour moi. C\u2019est un nouveau chapitre qui s\u2019ouvre, et je suis impatiente de partager \u00e7a avec la commu.<\/p>\n<\/p>\n<p>Quels sont vos projets ou vos espoirs\u00a0?<\/p>\n<p>J\u2019aimerais pouvoir vraiment lancer ma carri\u00e8re en tant qu\u2019une artiste, auteure, compositrice et interpr\u00e8te. Donner de l\u2019espoir, de l\u2019amour, des r\u00eaves et du bonheur aux gens \u00e0 travers de la musique. Mon style est tr\u00e8s pop car mes idoles sont <a href=\"https:\/\/www.20minutes.fr\/people\/rihanna\/\" class=\"color-ultramarine c-link\" rel=\"nofollow noopener\" target=\"_blank\">Rihanna<\/a> et <a href=\"https:\/\/www.20minutes.fr\/arts-stars\/people\/britney_spears\/\" class=\"color-ultramarine c-link\" rel=\"nofollow noopener\" target=\"_blank\">Britney Spears<\/a>, ces grandes stars que je suis depuis que je suis toute petite et qui m\u2019ont toujours inspir\u00e9e. Les chansons que j\u2019\u00e9cris sont d\u2019ailleurs pour la plupart en anglais.<\/p>\n<p>Endemol, qui produit \u00ab\u00a0Secret Story\u00a0\u00bb, produit \u00e9galement \u00ab\u00a0Star Academy\u00a0\u00bb. Candidater \u00e0 ce t\u00e9l\u00e9crochet, vous l\u2019envisagez\u00a0?<\/p>\n<p>(Elle rit) Je suis ouverte \u00e0 toute opportunit\u00e9. Quand des occasions se pr\u00e9sentent, il faut les saisir. Mais cela ne m\u2019a pas encore \u00e9t\u00e9 propos\u00e9.<\/p>\n<p>Vous avez particip\u00e9 \u00e0 un talent show, c\u2019est d\u2019ailleurs l\u2019intitul\u00e9 de votre secret\u00a0: \u00ab\u00a0J\u2019ai remport\u00e9 un t\u00e9l\u00e9crochet de K-pop en Cor\u00e9e du Sud\u00a0\u00bb. Racontez-nous\u2026<\/p>\n<p>Cette \u00e9mission, \u00ab\u00a0Girls on Fire\u00a0\u00bb, a \u00e9t\u00e9 tourn\u00e9e d\u2019avril \u00e0 juin l\u2019an pass\u00e9. J\u2019ai \u00e9t\u00e9 contact\u00e9e pour le casting \u00e0 l\u2019\u00e9t\u00e9\u00a02023. A l\u2019\u00e9poque, j\u2019\u00e9tais de retour en France pour des raisons personnelles et c\u2019est l\u00e0 que je voulais faire de la musique. Je ne voulais plus du tout retourner en <a href=\"https:\/\/www.20minutes.fr\/dossier\/coree_du_sud\" class=\"color-ultramarine c-link\" rel=\"nofollow noopener\" target=\"_blank\">Cor\u00e9e du Sud<\/a>. J\u2019ai re\u00e7u plusieurs DM de la production. Au d\u00e9part, je n\u2019\u00e9tais pas du tout int\u00e9ress\u00e9e parce que la <a href=\"https:\/\/www.20minutes.fr\/arts-stars\/culture\/k-pop\/\" class=\"color-ultramarine c-link\" rel=\"nofollow noopener\" target=\"_blank\">K-pop<\/a> ne correspondait pas \u00e0 la musique que j\u2019avais envie de faire. J\u2019ai d\u2019abord refus\u00e9, avant de me laisser convaincre. Avec ma famille, cela a \u00e9t\u00e9 un moment tr\u00e8s dur mais j\u2019ai d\u00e9cid\u00e9 de partir toute seule, sans ma maman ni mon petit fr\u00e8re.<\/p>\n<p>Et cela s\u2019est finalement bien pass\u00e9\u2026<\/p>\n<p>Sur place, j\u2019ai \u00e9t\u00e9 tr\u00e8s chanceuse, parce que les filles l\u00e0-bas \u00e9taient tr\u00e8s talentueuses et j\u2019avais tr\u00e8s, tr\u00e8s peur. A chaque \u00e9pisode, je m\u2019attendais \u00e0 rentrer \u00e0 la maison. Et puis je suis all\u00e9e jusqu\u2019en finale, o\u00f9 j\u2019ai fait partie des gagnantes. J\u2019\u00e9tais tr\u00e8s heureuse, je me disais que quelque chose \u00e9tait sur le point de commencer pour moi. On nous a fait attendre six mois pour nous annoncer que, finalement, le groupe que l\u2019\u00e9mission \u00e9tait cens\u00e9e lancer n\u2019allait pas se faire. \u00c7a m\u2019a vraiment d\u00e9truite. J\u2019ai d\u00e9cid\u00e9 de rentrer en France pour pouvoir tenter une carri\u00e8re solo, en ind\u00e9pendante. Et me voil\u00e0 dans la saison 13 de \u00ab\u00a0Secret Story\u00a0\u00bb\u00a0!<\/p>\n<p>Est-ce que vous avez appris des choses sur vous en participant \u00e0 \u00ab\u00a0Secret Story\u00a0\u00bb\u00a0?<\/p>\n<p>Oui, \u00e7a a \u00e9t\u00e9 une exp\u00e9rience tr\u00e8s enrichissante. J\u2019ai vraiment compris que, sans la musique, je n\u2019avais aucune raison de vivre parce que \u00e7a fait vraiment partie de ma vie, de ma personnalit\u00e9.<\/p>\n<p>Dans la maison, vous avez eu un coup de c\u0153ur pour Noah, ce qui a suscit\u00e9 la jalousie d\u2019Anita. Maintenant, vous comprenez sans doute pourquoi, \u00e9tant donn\u00e9 leur secret commun. Comment avez-vous v\u00e9cu cette relation triangulaire\u00a0?<\/p>\n<p>Je pense qu\u2019il y a eu un gros malentendu parce que, pour moi, Noah a toujours \u00e9t\u00e9 un pote, un ami, mais pas plus. On parlait beaucoup, il est charmant et attirant, mais rien de plus. On a commenc\u00e9 un peu \u00e0 jouer le soir parce que les r\u00e9actions des personnes de la chambre bleue nous amusaient. Anita, elle, a \u00e9t\u00e9 tr\u00e8s choqu\u00e9e, et \u00e7a a conduit les habitants \u00e0 imaginer des choses sur notre relation qui n\u2019\u00e9taient pas r\u00e9elles.<\/p>\n<p><a href=\"https:\/\/www.20minutes.fr\/dossier\/secret_story\" class=\"c-link c-btn c-btn--primary\" rel=\"nofollow noopener\" target=\"_blank\">Nos articles sur Secret Story<\/a>Si vous deviez faire un pronostic sur le gagnant ou la gagnante de la saison, vous miseriez sur qui\u00a0?<\/p>\n<p>Je vais vous dire les quatre finalistes que j\u2019ai en t\u00eate\u00a0: Romy, Mayer, Ethan et Anita.<\/p>\n","protected":false},"excerpt":{"rendered":"Elle a appris par un appel du t\u00e9l\u00e9phone rouge qu\u2019elle \u00e9tait \u00e9limin\u00e9e. Dr\u00e9a est la deuxi\u00e8me candidate \u00e0&hellip;\n","protected":false},"author":2,"featured_media":208280,"comment_status":"","ping_status":"","sticky":false,"template":"","format":"standard","meta":{"footnotes":""},"categories":[1356],"tags":[58,59,1011,27,7594,973,29901,5095,252,30052,1364],"class_list":{"0":"post-208279","1":"post","2":"type-post","3":"status-publish","4":"format-standard","5":"has-post-thumbnail","7":"category-television","8":"tag-divertissement","9":"tag-entertainment","10":"tag-fr","11":"tag-france","12":"tag-k-pop","13":"tag-people","14":"tag-secret-story","15":"tag-star-academy","16":"tag-television","17":"tag-tfx","18":"tag-tv"},"share_on_mastodon":{"url":"","error":""},"_links":{"self":[{"href":"https:\/\/www.europesays.com\/fr\/wp-json\/wp\/v2\/posts\/208279","targetHints":{"allow":["GET"]}}],"collection":[{"href":"https:\/\/www.europesays.com\/fr\/wp-json\/wp\/v2\/posts"}],"about":[{"href":"https:\/\/www.europesays.com\/fr\/wp-json\/wp\/v2\/types\/post"}],"author":[{"embeddable":true,"href":"https:\/\/www.europesays.com\/fr\/wp-json\/wp\/v2\/users\/2"}],"replies":[{"embeddable":true,"href":"https:\/\/www.europesays.com\/fr\/wp-json\/wp\/v2\/comments?post=208279"}],"version-history":[{"count":0,"href":"https:\/\/www.europesays.com\/fr\/wp-json\/wp\/v2\/posts\/208279\/revisions"}],"wp:featuredmedia":[{"embeddable":true,"href":"https:\/\/www.europesays.com\/fr\/wp-json\/wp\/v2\/media\/208280"}],"wp:attachment":[{"href":"https:\/\/www.europesays.com\/fr\/wp-json\/wp\/v2\/media?parent=208279"}],"wp:term":[{"taxonomy":"category","embeddable":true,"href":"https:\/\/www.europesays.com\/fr\/wp-json\/wp\/v2\/categories?post=208279"},{"taxonomy":"post_tag","embeddable":true,"href":"https:\/\/www.europesays.com\/fr\/wp-json\/wp\/v2\/tags?post=208279"}],"curies":[{"name":"wp","href":"https:\/\/api.w.org\/{rel}","templated":true}]}}