{"id":208297,"date":"2025-06-27T12:15:10","date_gmt":"2025-06-27T12:15:10","guid":{"rendered":"https:\/\/www.europesays.com\/fr\/208297\/"},"modified":"2025-06-27T12:15:10","modified_gmt":"2025-06-27T12:15:10","slug":"le-pere-a-oublie-de-deposer-son-fils-a-la-creche-le-matin","status":"publish","type":"post","link":"https:\/\/www.europesays.com\/fr\/208297\/","title":{"rendered":"le p\u00e8re a oubli\u00e9 de d\u00e9poser son fils \u00e0 la cr\u00e8che le matin"},"content":{"rendered":"<p>\u00ab\u00a0Un drame\u00a0\u00bb. C\u2019est par ces mots que le procureur, Jean-Luc Blachon, qualifiait ce qu\u2019il s\u2019est pass\u00e9 jeudi 26\u00a0avril dans l\u2019apr\u00e8s-midi. Un enfant de deux ans a \u00e9t\u00e9 d\u00e9couvert sans vie dans une voiture stationn\u00e9e sur le parking de Dassault situ\u00e9 dans l\u2019emprise de la <a href=\"https:\/\/www.laprovence.com\/article\/region\/37738660007671\/base-aerienne-d-istres-dans-les-entrailles-du-c-135-un-veteran-de-l-armee-de-l-air\" target=\"_blank\" rel=\"noopener\">base a\u00e9rienne<\/a>. L\u2019enfant \u00e9tait en arr\u00eate cardio-respiratoire lorsqu\u2019il a \u00e9t\u00e9 d\u00e9couvert, peu avant 16 heures. M\u00e9t\u00e9o-France annon\u00e7ait, ce jour-l\u00e0, une temp\u00e9rature fr\u00f4lant les 36 degr\u00e9s.<\/p>\n<p>L\u2019enfant a \u00e9t\u00e9 oubli\u00e9 par son p\u00e8re. Ce dernier, un salari\u00e9, civil, de Dassault Aviation, a \u00e9t\u00e9<strong> plac\u00e9 en garde \u00e0 vue pour homicide involontaire<\/strong>. G\u00e9rard Est\u00e8ve, commandant de la base a\u00e9rienne 125 d\u2019Istres, \u00e9voquait, avec douleur, lui aussi, ce vendredi, un \u00ab\u00a0drame humain absolument terrible\u00a0\u00bb\u00a0: \u00ab\u00a0Nous sommes \u00e9videmment sous le choc. <a href=\"https:\/\/www.laprovence.com\/videos\/en-immersion-bord-d-un-a330-phnix-de-la-base-d-istres-pendant-le-14-juillet\/13123820\" target=\"_blank\" rel=\"noopener\">Les aviateurs et aviatrices <\/a>de la base a\u00e9rienne que je repr\u00e9sente, s\u2019associent \u00e0 la douleur de la famille, \u00e0 la douleur de la communaut\u00e9 Dassault Aviation, \u00e9tant partenaire historique de la base a\u00e9rienne.\u00a0\u00bb<\/p>\n<p>Le colonel pr\u00e9cise que l\u2019enqu\u00eate diligent\u00e9e par le procureur d\u2019Aix-en-Provence, a \u00e9t\u00e9 confi\u00e9e \u00e0 la compagnie de gendarmerie de l\u2019air et de l\u2019espace de la base a\u00e9rienne 125. \u00ab\u00a0\u00c9videmment, nous continuerons \u00e0 soutenir notre partenaire, dans la dur\u00e9e et lui apporterons tout le soutien n\u00e9cessaire.\u00a0\u00bb<\/p>\n<p>C\u2019est son \u00e9pouse qui l\u2019a pr\u00e9venu de l\u2019absence de leur fils \u00e0 la cr\u00e8che<\/p>\n<p>Le procureur Blachon s\u2019est exprim\u00e9, en ce d\u00e9but d\u2019apr\u00e8s-midi, par voie de communiqu\u00e9 de presse, permettant d\u2019en savoir un peu plus sur les circonstances du d\u00e9c\u00e8s de l\u2019enfant. Son p\u00e8re avait quitt\u00e9 son domicile t\u00f4t le matin avec son fils qu\u2019il devait d\u00e9poser \u00e0 la cr\u00e8che avant de rejoindre son lieu de travail sur la base. Or, il s\u2019y est rendu directement, laissant l\u2019enfant sur le si\u00e8ge arri\u00e8re. C\u2019est son \u00e9pouse, en milieu d\u2019apr\u00e8s-midi, qui l\u2019a appel\u00e9 pour lui signaler que leur enfant n\u2019\u00e9tait pas \u00e0 la cr\u00e8che. R\u00e9alisant alors qu\u2019il l\u2019avait oubli\u00e9, le papa s\u2019est pr\u00e9cipit\u00e9 vers son v\u00e9hicule et trouvait son fils inanim\u00e9. \u00ab\u00a0Il l\u2019a transport\u00e9 dans les locaux de la soci\u00e9t\u00e9 pour essayer de la r\u00e9animer, indique le procureur, avant de r\u00e9aliser qu\u2019il \u00e9tait d\u00e9c\u00e9d\u00e9. Ses coll\u00e8gues de travail alertaient les secours qui ne pouvaient que constater que l\u2019enfant pr\u00e9sentait les stigmates d\u2019une d\u00e9shydratation, qui, selon les premi\u00e8res conclusions de l\u2019autopsie, est l\u2019origine de son d\u00e9c\u00e8s.\u00a0\u00bb<\/p>\n<p>Le mis en cause est toujours en garde \u00e0 vue, du chef d\u2019homicide involontaire, \u00e0 l\u2019issue de laquelle les gendarmes de l\u2019air et de l\u2019espace poursuivront leur enqu\u00eate pour \u00e9tablir l\u2019ensemble des circonstances ayant conduit \u00e0 ce drame.<\/p>\n","protected":false},"excerpt":{"rendered":"\u00ab\u00a0Un drame\u00a0\u00bb. C\u2019est par ces mots que le procureur, Jean-Luc Blachon, qualifiait ce qu\u2019il s\u2019est pass\u00e9 jeudi 26\u00a0avril&hellip;\n","protected":false},"author":2,"featured_media":208298,"comment_status":"","ping_status":"","sticky":false,"template":"","format":"standard","meta":{"footnotes":""},"categories":[4],"tags":[17,11,1446,847,274,1011,27,34592,18,12,6552,25,96,4752],"class_list":{"0":"post-208297","1":"post","2":"type-post","3":"status-publish","4":"format-standard","5":"has-post-thumbnail","7":"category-france","8":"tag-17","9":"tag-actualites","10":"tag-dans","11":"tag-enfant","12":"tag-faits-divers-justice","13":"tag-fr","14":"tag-france","15":"tag-istres","16":"tag-mort","17":"tag-news","18":"tag-pere","19":"tag-republique-francaise","20":"tag-une","21":"tag-voiture"},"share_on_mastodon":{"url":"https:\/\/pubeurope.com\/@fr\/114755280867851224","error":""},"_links":{"self":[{"href":"https:\/\/www.europesays.com\/fr\/wp-json\/wp\/v2\/posts\/208297","targetHints":{"allow":["GET"]}}],"collection":[{"href":"https:\/\/www.europesays.com\/fr\/wp-json\/wp\/v2\/posts"}],"about":[{"href":"https:\/\/www.europesays.com\/fr\/wp-json\/wp\/v2\/types\/post"}],"author":[{"embeddable":true,"href":"https:\/\/www.europesays.com\/fr\/wp-json\/wp\/v2\/users\/2"}],"replies":[{"embeddable":true,"href":"https:\/\/www.europesays.com\/fr\/wp-json\/wp\/v2\/comments?post=208297"}],"version-history":[{"count":0,"href":"https:\/\/www.europesays.com\/fr\/wp-json\/wp\/v2\/posts\/208297\/revisions"}],"wp:featuredmedia":[{"embeddable":true,"href":"https:\/\/www.europesays.com\/fr\/wp-json\/wp\/v2\/media\/208298"}],"wp:attachment":[{"href":"https:\/\/www.europesays.com\/fr\/wp-json\/wp\/v2\/media?parent=208297"}],"wp:term":[{"taxonomy":"category","embeddable":true,"href":"https:\/\/www.europesays.com\/fr\/wp-json\/wp\/v2\/categories?post=208297"},{"taxonomy":"post_tag","embeddable":true,"href":"https:\/\/www.europesays.com\/fr\/wp-json\/wp\/v2\/tags?post=208297"}],"curies":[{"name":"wp","href":"https:\/\/api.w.org\/{rel}","templated":true}]}}