{"id":208301,"date":"2025-06-27T12:17:08","date_gmt":"2025-06-27T12:17:08","guid":{"rendered":"https:\/\/www.europesays.com\/fr\/208301\/"},"modified":"2025-06-27T12:17:08","modified_gmt":"2025-06-27T12:17:08","slug":"a47-un-accident-entre-saint-etienne-et-lyon-provoque-plusieurs-kilometres-de-bouchons","status":"publish","type":"post","link":"https:\/\/www.europesays.com\/fr\/208301\/","title":{"rendered":"A47. Un accident entre Saint-Etienne et Lyon provoque plusieurs kilom\u00e8tres de bouchons"},"content":{"rendered":"<p>            Par<br \/>\n        <strong><br \/>\n            <a href=\"https:\/\/actu.fr\/auteur\/mathias-souteyrat\" title=\"Consulter tous les articles de Mathias Souteyrat\" target=\"_blank\" rel=\"noopener\">Mathias Souteyrat<\/a><br \/>\n        <\/strong><\/p>\n<p>        Publi\u00e9 le<\/p>\n<p>            27 juin 2025 \u00e0 12h35<br \/>\n        ; mis \u00e0 jour le 27 juin 2025 \u00e0 13h58    <\/p>\n<p>Un camion s\u2019est couch\u00e9 ce vendredi 27 juin 2025 en fin de matin\u00e9e \u00e0 hauteur de la commune de Saint-Chamond, entre les sorties 16 et 15 de l\u2019autoroute <a href=\"https:\/\/actu.fr\/tag\/autoroute-47-a47\" target=\"_blank\" rel=\"noopener\">A47<\/a>.\u00a0Les faits se sont produits dans le sens <a href=\"https:\/\/actu.fr\/saint-etienne\/\" target=\"_blank\" rel=\"noopener\">Saint-\u00c9tienne<\/a> vers <a href=\"https:\/\/actu.fr\/lyon\/\" target=\"_blank\" rel=\"noopener\">Lyon<\/a>.<\/p>\n<p>Circulation sur la bande d\u2019arr\u00eat d\u2019urgence<\/p>\n<p class=\" wall-content\">La circulation se fait uniquement sur la bande d\u2019arr\u00eat d\u2019urgence. Il y a environ 3\u00a0km de ralentissement.<\/p>\n<p class=\" wall-content\">\u00ab\u2009\u00c9vitez le secteur\u2009\u00bb, informe la pr\u00e9fecture.<\/p>\n<p class=\" wall-content\">Plus d\u2019infos \u00e0 venir\u2026<\/p>\n<p class=\" wall-content\">Suivez toute l\u2019actualit\u00e9 de vos villes et m\u00e9dias favoris en vous inscrivant \u00e0 <a href=\"https:\/\/moncompte.actu.fr\" title=\"D\u00e9couvez Mon Actu\" rel=\"nofollow noopener\" data-trk=\"{&quot;cta&quot;:{&quot;action&quot;:&quot;https:\\\/\\\/moncompte.actu.fr&quot;,&quot;category&quot;:&quot;mon compte&quot;,&quot;from&quot;:&quot;article footer&quot;,&quot;name&quot;:&quot;Mon actu&quot;,&quot;type&quot;:&quot;cta&quot;}}\" target=\"_blank\">Mon Actu<\/a>.<\/p>\n","protected":false},"excerpt":{"rendered":"Par Mathias Souteyrat Publi\u00e9 le 27 juin 2025 \u00e0 12h35 ; mis \u00e0 jour le 27 juin 2025&hellip;\n","protected":false},"author":2,"featured_media":208302,"comment_status":"","ping_status":"","sticky":false,"template":"","format":"standard","meta":{"footnotes":""},"categories":[9653],"tags":[119,1111,11,8964,2430,1777,674,118,1011,27,12,1311,25,4001],"class_list":{"0":"post-208301","1":"post","2":"type-post","3":"status-publish","4":"format-standard","5":"has-post-thumbnail","7":"category-saint-etienne","8":"tag-accident","9":"tag-actu","10":"tag-actualites","11":"tag-autoroute-47-a47","12":"tag-auvergne-rhone-alpes","13":"tag-eu","14":"tag-europe","15":"tag-faits-divers","16":"tag-fr","17":"tag-france","18":"tag-news","19":"tag-pompiers","20":"tag-republique-francaise","21":"tag-saint-etienne"},"share_on_mastodon":{"url":"https:\/\/pubeurope.com\/@fr\/114755289021277711","error":""},"_links":{"self":[{"href":"https:\/\/www.europesays.com\/fr\/wp-json\/wp\/v2\/posts\/208301","targetHints":{"allow":["GET"]}}],"collection":[{"href":"https:\/\/www.europesays.com\/fr\/wp-json\/wp\/v2\/posts"}],"about":[{"href":"https:\/\/www.europesays.com\/fr\/wp-json\/wp\/v2\/types\/post"}],"author":[{"embeddable":true,"href":"https:\/\/www.europesays.com\/fr\/wp-json\/wp\/v2\/users\/2"}],"replies":[{"embeddable":true,"href":"https:\/\/www.europesays.com\/fr\/wp-json\/wp\/v2\/comments?post=208301"}],"version-history":[{"count":0,"href":"https:\/\/www.europesays.com\/fr\/wp-json\/wp\/v2\/posts\/208301\/revisions"}],"wp:featuredmedia":[{"embeddable":true,"href":"https:\/\/www.europesays.com\/fr\/wp-json\/wp\/v2\/media\/208302"}],"wp:attachment":[{"href":"https:\/\/www.europesays.com\/fr\/wp-json\/wp\/v2\/media?parent=208301"}],"wp:term":[{"taxonomy":"category","embeddable":true,"href":"https:\/\/www.europesays.com\/fr\/wp-json\/wp\/v2\/categories?post=208301"},{"taxonomy":"post_tag","embeddable":true,"href":"https:\/\/www.europesays.com\/fr\/wp-json\/wp\/v2\/tags?post=208301"}],"curies":[{"name":"wp","href":"https:\/\/api.w.org\/{rel}","templated":true}]}}