{"id":208309,"date":"2025-06-27T12:21:24","date_gmt":"2025-06-27T12:21:24","guid":{"rendered":"https:\/\/www.europesays.com\/fr\/208309\/"},"modified":"2025-06-27T12:21:24","modified_gmt":"2025-06-27T12:21:24","slug":"un-collectif-de-createurs-de-la-chaine-arte-experimentent-la-technologie-cinematographique-de-pointe-a-luniversite-de-toulon","status":"publish","type":"post","link":"https:\/\/www.europesays.com\/fr\/208309\/","title":{"rendered":"Un collectif de cr\u00e9ateurs de la cha\u00eene Arte exp\u00e9rimentent la technologie cin\u00e9matographique de pointe \u00e0 l&rsquo;Universit\u00e9 de Toulon"},"content":{"rendered":"<p>Des talents d\u2019aujourd\u2019hui et de demain \u00e9taient pr\u00e9sents au pied du Faron en ce d\u00e9but de semaine. Pendant trois jours \u00ab\u00a0intensifs\u00a0\u00bb, <strong>l\u2019Universit\u00e9 de Toulon a accueilli les \u00e9quipes d\u2019Arte Incubation<\/strong> sur sa plateforme de production audiovisuelle, <strong>Telomedia<\/strong>, afin de leur donner des cl\u00e9s pour cr\u00e9er projets et prototypes innovants dans les domaines de la fiction, de l\u2019animation, du podcast, du jeu vid\u00e9o et du documentaire.<\/p>\n<p>\u00ab\u00a0C\u2019est l\u2019occasion de tester des choses avec des moyens extraordinaires, assurait <strong>Marie Beuzard<\/strong>, responsable de l\u2019incubateur de talents du groupe Arte. Nous sommes une cha\u00eene de service public, donc on n\u2019aurait pas pu faire tout \u00e7a si on avait d\u00fb louer ailleurs. \u00c7a aurait \u00e9t\u00e9 un budget trop important.\u00a0\u00bb<\/p>\n<p>Une \u00ab\u00a0cr\u00e9ativit\u00e9 presque sans limite\u00a0\u00bb<\/p>\n<p>Dans la capitale du Var, le collectif de douze cr\u00e9ateurs (des r\u00e9alisateurs, des sc\u00e9naristes\u2026) a notamment pu profiter du fameux<strong><a href=\"https:\/\/www.varmatin.com\/technologie\/avec-son-mur-led-ultra-moderne-l-universite-de-toulon-veut-crever-l-ecran-968660\" rel=\"nofollow noopener\" target=\"_blank\"> mur LED ultra haute d\u00e9finition de 15m2, inaugur\u00e9 en d\u00e9but d\u2019ann\u00e9e<\/a>,<\/strong> permettant de projeter en temps r\u00e9el des d\u00e9cors r\u00e9alistes tout en synchronisant les mouvements de l\u2019environnement avec les d\u00e9placements de la cam\u00e9ra. Un \u00e9quipement unique \u00e0 l\u2019\u00e9chelle des universit\u00e9s fran\u00e7aises.<\/p>\n<p>\u00ab\u00a0Ce sont des technologies tr\u00e8s co\u00fbteuses qui nous permettent d\u2019innover. C\u2019est vraiment g\u00e9nial de pouvoir compter l\u00e0-dessus avec cette collaboration. D\u2019autant qu\u2019il y a \u00e9galement des moyens humains d\u00e9di\u00e9s\u00a0\u00bb, poursuivait la responsable, confort\u00e9e par le vice-pr\u00e9sident d\u00e9l\u00e9gu\u00e9 au num\u00e9rique \u00e0 l\u2019Universit\u00e9 de Toulon, <strong>Karim Adouane<\/strong>: \u00ab\u00a0On est sur un format de plateforme qui nous permet d\u2019avoir de l\u2019agilit\u00e9 et d\u2019aller chercher de la cr\u00e9ativit\u00e9 presque sans limite. Travailler avec Arte nous semblait pleinement pertinent par rapport \u00e0 \u00e7a. Et, en termes d\u2019image, c\u2019est aussi int\u00e9ressant pour nous de les avoir comme partenaires.\u00a0\u00bb<\/p>\n<p>                                Pr\u00e9sence d\u2019une r\u00e9alisatrice c\u00e9saris\u00e9e<\/p>\n<p>Au cours de leur temps de travail, de lundi \u00e0 mercredi, les talents d\u2019Arte Incubation &#8211; parmi lesquels la r\u00e9alisatrice d\u2019animation c\u00e9saris\u00e9e \u00c9milie Pigeard &#8211; ont ainsi pu faire entrechoquer leurs diff\u00e9rents univers, avec entre autres un projet de jeu vid\u00e9o \u00ab\u00a0assez d\u00e9lirant\u00a0\u00bb, un projet de documentaire hybride avec de l\u2019animation, ou encore un projet de podcast m\u00eal\u00e9 \u00e0 de l\u2019animation en direct.<\/p>\n<p>\u00ab\u00a0Cela reste de la recherche et du d\u00e9veloppement, pr\u00e9cise Marie Beuzard. Mais, \u00e0 la fin de l\u2019incubation, on mettra les talents en lien avec des producteurs. Libre \u00e0 eux, ensuite, de retransformer les id\u00e9es produites ici dans l\u2019incubateur cr\u00e9atif!\u00a0\u00bb<\/p>\n","protected":false},"excerpt":{"rendered":"Des talents d\u2019aujourd\u2019hui et de demain \u00e9taient pr\u00e9sents au pied du Faron en ce d\u00e9but de semaine. Pendant&hellip;\n","protected":false},"author":2,"featured_media":208310,"comment_status":"","ping_status":"","sticky":false,"template":"","format":"standard","meta":{"footnotes":""},"categories":[9619],"tags":[1111,11,1777,674,1011,27,12,882,25,2310,3366],"class_list":{"0":"post-208309","1":"post","2":"type-post","3":"status-publish","4":"format-standard","5":"has-post-thumbnail","7":"category-toulon","8":"tag-actu","9":"tag-actualites","10":"tag-eu","11":"tag-europe","12":"tag-fr","13":"tag-france","14":"tag-news","15":"tag-provence-alpes-cote-dazur","16":"tag-republique-francaise","17":"tag-toulon","18":"tag-vie-locale"},"share_on_mastodon":{"url":"https:\/\/pubeurope.com\/@fr\/114755304474875014","error":""},"_links":{"self":[{"href":"https:\/\/www.europesays.com\/fr\/wp-json\/wp\/v2\/posts\/208309","targetHints":{"allow":["GET"]}}],"collection":[{"href":"https:\/\/www.europesays.com\/fr\/wp-json\/wp\/v2\/posts"}],"about":[{"href":"https:\/\/www.europesays.com\/fr\/wp-json\/wp\/v2\/types\/post"}],"author":[{"embeddable":true,"href":"https:\/\/www.europesays.com\/fr\/wp-json\/wp\/v2\/users\/2"}],"replies":[{"embeddable":true,"href":"https:\/\/www.europesays.com\/fr\/wp-json\/wp\/v2\/comments?post=208309"}],"version-history":[{"count":0,"href":"https:\/\/www.europesays.com\/fr\/wp-json\/wp\/v2\/posts\/208309\/revisions"}],"wp:featuredmedia":[{"embeddable":true,"href":"https:\/\/www.europesays.com\/fr\/wp-json\/wp\/v2\/media\/208310"}],"wp:attachment":[{"href":"https:\/\/www.europesays.com\/fr\/wp-json\/wp\/v2\/media?parent=208309"}],"wp:term":[{"taxonomy":"category","embeddable":true,"href":"https:\/\/www.europesays.com\/fr\/wp-json\/wp\/v2\/categories?post=208309"},{"taxonomy":"post_tag","embeddable":true,"href":"https:\/\/www.europesays.com\/fr\/wp-json\/wp\/v2\/tags?post=208309"}],"curies":[{"name":"wp","href":"https:\/\/api.w.org\/{rel}","templated":true}]}}