{"id":208311,"date":"2025-06-27T12:22:19","date_gmt":"2025-06-27T12:22:19","guid":{"rendered":"https:\/\/www.europesays.com\/fr\/208311\/"},"modified":"2025-06-27T12:22:19","modified_gmt":"2025-06-27T12:22:19","slug":"a-toulon-soutien-ministeriel-aux-anciens-combattants","status":"publish","type":"post","link":"https:\/\/www.europesays.com\/fr\/208311\/","title":{"rendered":"\u00c0 Toulon, soutien minist\u00e9riel aux anciens combattants"},"content":{"rendered":"\n<p>Association historique fond\u00e9e en 1888 sous le nom d\u2019Union fraternelle des anciens militaires bless\u00e9s, gratifi\u00e9s de r\u00e9forme n\u00b0\u00a01, la F\u00e9d\u00e9ration nationale Andr\u00e9 Maginot, rebaptis\u00e9e ainsi en 1953 en hommage \u00e0 celui qui fut son pr\u00e9sident de 1918 \u00e0 sa mort, en 1932, et surtout bless\u00e9 de guerre en 1914 et ministre de la Guerre, tenait jeudi son 91e congr\u00e8s au Palais Neptune. Au nom de la solidarit\u00e9, de la m\u00e9moire et de la transmission, ses trois piliers.<\/p>\n<p>\u00c0 cette occasion, la Fnam a conclu un partenariat avec l\u2019ONaCVG, \u00e9tablissement public sous tutelle du minist\u00e8re des Arm\u00e9es, qui accompagne, depuis 1916, les anciens combattants et victimes de conflits, sous le regard de la ministre Patricia Miralles. \u00ab\u00a0Ce congr\u00e8s est un moment de partage o\u00f9 nous nous souvenons de ceux qui ont servi la France et la servent encore par leur m\u00e9moire et leur engagement\u00a0\u00bb, a appuy\u00e9 cette derni\u00e8re en marge de la signature. Une m\u00e9moire qui doit aussi rappeler aux jeunes \u00ab\u00a0les histoires douloureuses. La France n\u2019a pas toujours agi correctement, il faut le conna\u00eetre pour ne pas le reproduire. Il faut \u00eatre innovant, les laisser venir dans l\u2019apprentissage qu\u2019est le leur, faire lire les monuments aux morts, qu\u2019ils comprennent que nous nous sommes battus unis avec des noms \u00e0 consonance \u00e9trang\u00e8re, d\u2019autres religions. C\u2019est \u00e7a la force morale : regarder l\u2019avenir et ne pas revivre ce dont nos anciens t\u00e9moignent\u00a0\u00bb. Des valeurs mises de c\u00f4t\u00e9 au moment d\u2019armer des puissances \u00e9trang\u00e8res bellicistes m\u00e9prisant le droit international, ou encore lors de la grande chasse aux sans-papiers organis\u00e9e par Bruno Retailleau la semaine derni\u00e8re.<\/p>\n<p> \u00ab\u00a0Agir en compl\u00e9mentarit\u00e9 pour mieux aider\u00a0\u00bb\n              <\/p>\n<p>Ce partenariat a pour but de \u00ab\u00a0d\u2019agir en compl\u00e9mentarit\u00e9 pour mieux aider, explique Marie-Christine Verdier-Jouclas, directrice g\u00e9n\u00e9rale de l\u2019ONaCVG. La Fnam a 200\u00a0000\u00a0adh\u00e9rents, l\u2019ONaCVG 104 services d\u00e9partementaux, et on n\u2019a pas forc\u00e9ment cette connexion syst\u00e9matique. On a aussi besoin de faire vivre des projets m\u00e9moriels vecteurs de solidarit\u00e9, et sur ce versant, il s\u2019agit d\u2019une demande d\u2019aide financi\u00e8re pour porter ces projets\u00a0\u00bb. Un soutien rendu possible par la manne financi\u00e8re de la Fnam, actionnaire historique de la Fran\u00e7aise des Jeux, dont elle re\u00e7oit des dividendes, \u00ab\u00a0qui permettent de conduire nos projets de solidarit\u00e9, de m\u00e9moire et d\u2019accompagnement de la jeunesse\u00a0\u00bb, compl\u00e8te le G\u00e9n\u00e9ral Andr\u00e9 Peter, pr\u00e9sident de la Fnam. Des projets communs aux deux institutions vont aussi voir le jour, \u00ab\u00a0des voyages jeunes pour transmettre la m\u00e9moire, avec peut-\u00eatre un focus sur les jeunes d\u2019Outre-mer\u00a0\u00bb, pr\u00e9cisent-ils en ch\u0153ur.<\/p>\n","protected":false},"excerpt":{"rendered":"Association historique fond\u00e9e en 1888 sous le nom d\u2019Union fraternelle des anciens militaires bless\u00e9s, gratifi\u00e9s de r\u00e9forme n\u00b0\u00a01,&hellip;\n","protected":false},"author":2,"featured_media":208312,"comment_status":"","ping_status":"","sticky":false,"template":"","format":"standard","meta":{"footnotes":""},"categories":[9619],"tags":[1111,11,12125,1777,674,1011,27,12,882,25,2310],"class_list":{"0":"post-208311","1":"post","2":"type-post","3":"status-publish","4":"format-standard","5":"has-post-thumbnail","7":"category-toulon","8":"tag-actu","9":"tag-actualites","10":"tag-adam-benhammouda","11":"tag-eu","12":"tag-europe","13":"tag-fr","14":"tag-france","15":"tag-news","16":"tag-provence-alpes-cote-dazur","17":"tag-republique-francaise","18":"tag-toulon"},"share_on_mastodon":{"url":"https:\/\/pubeurope.com\/@fr\/114755308380747166","error":""},"_links":{"self":[{"href":"https:\/\/www.europesays.com\/fr\/wp-json\/wp\/v2\/posts\/208311","targetHints":{"allow":["GET"]}}],"collection":[{"href":"https:\/\/www.europesays.com\/fr\/wp-json\/wp\/v2\/posts"}],"about":[{"href":"https:\/\/www.europesays.com\/fr\/wp-json\/wp\/v2\/types\/post"}],"author":[{"embeddable":true,"href":"https:\/\/www.europesays.com\/fr\/wp-json\/wp\/v2\/users\/2"}],"replies":[{"embeddable":true,"href":"https:\/\/www.europesays.com\/fr\/wp-json\/wp\/v2\/comments?post=208311"}],"version-history":[{"count":0,"href":"https:\/\/www.europesays.com\/fr\/wp-json\/wp\/v2\/posts\/208311\/revisions"}],"wp:featuredmedia":[{"embeddable":true,"href":"https:\/\/www.europesays.com\/fr\/wp-json\/wp\/v2\/media\/208312"}],"wp:attachment":[{"href":"https:\/\/www.europesays.com\/fr\/wp-json\/wp\/v2\/media?parent=208311"}],"wp:term":[{"taxonomy":"category","embeddable":true,"href":"https:\/\/www.europesays.com\/fr\/wp-json\/wp\/v2\/categories?post=208311"},{"taxonomy":"post_tag","embeddable":true,"href":"https:\/\/www.europesays.com\/fr\/wp-json\/wp\/v2\/tags?post=208311"}],"curies":[{"name":"wp","href":"https:\/\/api.w.org\/{rel}","templated":true}]}}