{"id":208321,"date":"2025-06-27T12:29:10","date_gmt":"2025-06-27T12:29:10","guid":{"rendered":"https:\/\/www.europesays.com\/fr\/208321\/"},"modified":"2025-06-27T12:29:10","modified_gmt":"2025-06-27T12:29:10","slug":"notre-vie-fait-pitie-au-parc-de-maurepas-lappel-de-detresse-des-jeunes-mineurs-isoles-reunis-en-collectif","status":"publish","type":"post","link":"https:\/\/www.europesays.com\/fr\/208321\/","title":{"rendered":"\u00ab\u00a0Notre vie fait piti\u00e9\u00a0\u00bb. Au parc de Maurepas, l&rsquo;appel de d\u00e9tresse des jeunes mineurs isol\u00e9s r\u00e9unis en collectif"},"content":{"rendered":"<p>            Par<br \/>\n        <strong><br \/>\n            <a href=\"https:\/\/actu.fr\/auteur\/laurene-fertin\" title=\"Consulter tous les articles de Laur\u00e8ne Fertin\" rel=\"nofollow noopener\" target=\"_blank\">Laur\u00e8ne Fertin<\/a><br \/>\n        <\/strong><\/p>\n<p>        Publi\u00e9 le<\/p>\n<p>            27 juin 2025 \u00e0 14h10        <\/p>\n<p>Ils sont <strong>une soixantaine de jeunes hommes<\/strong> et de<strong> jeunes femmes<\/strong> \u00e0 buter contre l\u2019administration. Jeudi 26 juin 2025, r\u00e9unis dans <strong>un collectif<\/strong> qu\u2019ils viennent de <strong>cr\u00e9er<\/strong> \u2013 Le collectif des mineurs isol\u00e9s en danger 35 -, plusieurs d\u2019entre eux<strong> prennent la parole<\/strong> pour d\u00e9noncer <strong>leurs conditions de vie \u00ab\u2009oubli\u00e9es\u2009\u00bb<\/strong>. Le D\u00e9partement d\u2019Ille-et-Vilaine ne les a pas reconnus comme mineurs. Toutes, tous, sont actuellement <strong>en recours juridique<\/strong> par faire valoir ce droit.<\/p>\n<p>\u00ab\u2009On est vu comme des voleurs ou des d\u00e9linquants\u2009\u00bb<\/p>\n<p class=\" wall-content\">R\u00e9unis au parc de <a href=\"https:\/\/actu.fr\/ile-de-france\/maurepas_78383\" rel=\"nofollow noopener\" target=\"_blank\">Maurepas<\/a>, apr\u00e8s <a href=\"https:\/\/actu.fr\/bretagne\/rennes_35238\/rennes-expulsion-en-cours-d-une-centaine-de-personnes-par-les-forces-de-l-ordre-au-gymnase-felix-masson_62474473.html\" rel=\"nofollow noopener\" target=\"_blank\">l\u2019expulsion des 174 occupants (es) du gymnase F\u00e9lix-Masson<\/a> dans le quartier <a href=\"https:\/\/actu.fr\/tag\/villejean\" rel=\"nofollow noopener\" target=\"_blank\">Villejean<\/a>, <strong>Moussa, Alpha, Alice<\/strong> ou encore <strong>Obed,<\/strong> micro en main, ont ainsi <strong>convi\u00e9 \u00e0 la presse<\/strong> dans l\u2019apr\u00e8s-midi afin de mettre en lumi\u00e8re leurs difficult\u00e9s quotidiennes.<\/p>\n<p>    <img   decoding=\"async\" loading=\"lazy\" src=\"https:\/\/www.europesays.com\/fr\/wp-content\/uploads\/2025\/06\/mineurs-migrants-rennes-maurepas-parc-1-960x640.jpg\" alt=\"xxx\" width=\"960\" height=\"640\"\/><br \/>\n    Environ 211 personnes dorment pour le moment au parc de Maurepas, \u00e0 Rennes. Quatre-vingt-dix sont des femmes ou des filles. (\u00a9 Laur\u00e8ne Fertin \u2013 actu Rennes)<\/p>\n<p class=\" wall-content\">\u00ab\u2009Certains sont <strong>en recours depuis un an, deux ans <\/strong>pour \u00eatre reconnus comme mineurs\u2009\u00bb, raconte Moussa. \u00ab\u2009Que fait-on pendant ce temps-l\u00e0\u2009? Nous sommes oblig\u00e9s de <strong>tra\u00eener dans les rues, dans les bus, dans la gare.\u2009\u00bb<\/strong><\/p>\n<blockquote class=\"ac-article-quote wall-content\">\n<p>C&rsquo;est fatigant. On ne sait pas o\u00f9 aller. On est vu comme des voleurs ou des d\u00e9linquants. Ce n&rsquo;est pas ce que nous sommes. Notre vie fait piti\u00e9.<\/p>\n<p>    <strong>Moussa<\/strong>\n            <\/p><\/blockquote>\n<p class=\" wall-content\"><strong>\u00ab\u2009On aimerait aller \u00e0 l\u2019\u00e9cole, mais<\/strong> on ne peut pas\u2009\u00bb, abonde Mariam, \u00ab\u2009pourtant, on dit que former un Homme, c\u2019est former une nation [\u2026] Nous, on aimerait une vie meilleure, on veut devenir des gens bien.\u2009\u00bb<\/p>\n<p>Vid\u00e9os : en ce moment sur ActuDes conditions de vie \u00ab\u2009dangereuses\u2009\u00bb<\/p>\n<p class=\" wall-content\">Dans le parc de Maurepas, <strong>les conditions de vie sont \u00ab\u2009dangereuses\u2009\u00bb<\/strong>\u2009: \u00ab\u2009nous sommes <strong>expos\u00e9s aux maladies\u2009\u00bb,<\/strong> poursuit Sekou. \u00ab\u2009Quand il faut chaud, on ne peut pas dormir et quand il fait froid, non plus.\u2009\u00bb<\/p>\n<blockquote class=\"ac-article-quote wall-content\">\n<p>On manque de protections, de douches propres. <\/p>\n<p>    <strong>Sekou<\/strong>\n            <\/p><\/blockquote>\n<p class=\" wall-content\">Dans le parc, \u00ab\u2009un robinet sert pour tout le monde\u2009\u00bb, indique Fabien Touchard, coordinateur d\u2019Utopia 56. \u00ab\u2009Deux toilettes provisoires ont \u00e9t\u00e9 mises en place par la Ville, mais ce n\u2019est pas suffisant.\u2009\u00bb<\/p>\n<p class=\" wall-content\">Pr\u00e9sentement, <strong>211\u00a0personnes<\/strong> vivent dans le parc de Maurepas \u00ab\u2009tol\u00e9r\u00e9 depuis 2019\u2009\u00bb par la Ville de Rennes. <strong>Quatre-vingt-quinze personnes sont des femmes ou des filles<\/strong>.<\/p>\n<p>Une manifestation<\/p>\n<p class=\" wall-content\">\u00ab\u2009On arrive aussi \u00e0 nos limites\u2009\u00bb, pr\u00e9vient Fabien d\u2019Utopia 56. \u00ab\u2009On n\u2019arrive pas \u00e0 accompagner comme on le voudrait les jeunes.\u2009\u00bb<\/p>\n<p class=\" wall-content\">Mercredi 9 juillet, le collectif se rendra devant <strong>le Palais Saint-Georges<\/strong> (rue Gambetta) pour <strong>une manifestation<\/strong> (d\u00e9clar\u00e9e). \u00ab\u2009Si aucune solution n\u2019est trouv\u00e9e pour ces jeunes, il y aura<strong> un campement.\u2009\u00bb<\/strong><\/p>\n<p class=\" wall-content\">Suivez toute l\u2019actualit\u00e9 de vos villes et m\u00e9dias favoris en vous inscrivant \u00e0 <a href=\"https:\/\/moncompte.actu.fr\" title=\"D\u00e9couvez Mon Actu\" rel=\"nofollow noopener\" data-trk=\"{&quot;cta&quot;:{&quot;action&quot;:&quot;https:\\\/\\\/moncompte.actu.fr&quot;,&quot;category&quot;:&quot;mon compte&quot;,&quot;from&quot;:&quot;article footer&quot;,&quot;name&quot;:&quot;Mon actu&quot;,&quot;type&quot;:&quot;cta&quot;}}\" target=\"_blank\">Mon Actu<\/a>.<\/p>\n","protected":false},"excerpt":{"rendered":"Par Laur\u00e8ne Fertin Publi\u00e9 le 27 juin 2025 \u00e0 14h10 Ils sont une soixantaine de jeunes hommes et&hellip;\n","protected":false},"author":2,"featured_media":208322,"comment_status":"","ping_status":"","sticky":false,"template":"","format":"standard","meta":{"footnotes":""},"categories":[2821],"tags":[1111,11,829,1777,674,1011,27,1061,22320,12,584,25,104,5375],"class_list":{"0":"post-208321","1":"post","2":"type-post","3":"status-publish","4":"format-standard","5":"has-post-thumbnail","7":"category-rennes","8":"tag-actu","9":"tag-actualites","10":"tag-bretagne","11":"tag-eu","12":"tag-europe","13":"tag-fr","14":"tag-france","15":"tag-immigration","16":"tag-maurepas","17":"tag-news","18":"tag-rennes","19":"tag-republique-francaise","20":"tag-societe","21":"tag-villejean"},"share_on_mastodon":{"url":"https:\/\/pubeurope.com\/@fr\/114755335932747916","error":""},"_links":{"self":[{"href":"https:\/\/www.europesays.com\/fr\/wp-json\/wp\/v2\/posts\/208321","targetHints":{"allow":["GET"]}}],"collection":[{"href":"https:\/\/www.europesays.com\/fr\/wp-json\/wp\/v2\/posts"}],"about":[{"href":"https:\/\/www.europesays.com\/fr\/wp-json\/wp\/v2\/types\/post"}],"author":[{"embeddable":true,"href":"https:\/\/www.europesays.com\/fr\/wp-json\/wp\/v2\/users\/2"}],"replies":[{"embeddable":true,"href":"https:\/\/www.europesays.com\/fr\/wp-json\/wp\/v2\/comments?post=208321"}],"version-history":[{"count":0,"href":"https:\/\/www.europesays.com\/fr\/wp-json\/wp\/v2\/posts\/208321\/revisions"}],"wp:featuredmedia":[{"embeddable":true,"href":"https:\/\/www.europesays.com\/fr\/wp-json\/wp\/v2\/media\/208322"}],"wp:attachment":[{"href":"https:\/\/www.europesays.com\/fr\/wp-json\/wp\/v2\/media?parent=208321"}],"wp:term":[{"taxonomy":"category","embeddable":true,"href":"https:\/\/www.europesays.com\/fr\/wp-json\/wp\/v2\/categories?post=208321"},{"taxonomy":"post_tag","embeddable":true,"href":"https:\/\/www.europesays.com\/fr\/wp-json\/wp\/v2\/tags?post=208321"}],"curies":[{"name":"wp","href":"https:\/\/api.w.org\/{rel}","templated":true}]}}