{"id":208323,"date":"2025-06-27T12:30:11","date_gmt":"2025-06-27T12:30:11","guid":{"rendered":"https:\/\/www.europesays.com\/fr\/208323\/"},"modified":"2025-06-27T12:30:11","modified_gmt":"2025-06-27T12:30:11","slug":"calendrier-du-fc-lorient-en-ligue-1-auxerre-en-ouverture-premiere-a-domicile-contre-rennes","status":"publish","type":"post","link":"https:\/\/www.europesays.com\/fr\/208323\/","title":{"rendered":"Calendrier du FC Lorient en Ligue 1 : Auxerre en ouverture, premi\u00e8re \u00e0 domicile contre Rennes"},"content":{"rendered":"<p>Ligue 1. FC Lorient1. Premi\u00e8re journ\u00e9e \u00e0 Auxerre, premi\u00e8re \u00e0 domicile contre Rennes<\/p>\n<p>Le FC Lorient retrouvera la Ligue 1 au stade Abb\u00e9-Deschamps, sur le terrain de son ancien entra\u00eeneur Christophe Pelissier (2019-22), lors du week-end du 15 ao\u00fbt. Pour son premier match au Moustoir, l\u2019\u00e9quipe accueillera Rennes le week-end du 24 ao\u00fbt (2e journ\u00e9e). Et elle cl\u00f4turera l\u2019exercice \u00e0 domicile par la r\u00e9ception du Havre le week-end du 16 mai 2026 (34e journ\u00e9e).<\/p>\n<p>2. Le PSG au Moustoir fin octobre, Marseille en avril<\/p>\n<p>Les Merlus ont rendez-vous au V\u00e9lodrome d\u00e8s le week-end du 14 septembre (4e journ\u00e9e) et les supporters devront patienter jusqu\u2019au week-end du 19 avril (30e journ\u00e9e) pour voir l\u2019Olympique de Marseille au Moustoir. Mais la r\u00e9ception du Paris SG est programm\u00e9e le week-end du 29 octobre (10e journ\u00e9e) et le FCL est attendu au Parc des Princes le week-end du 5 avril (28e journ\u00e9e). Monaco viendra au Moustoir le week-end du 28 septembre (6e journ\u00e9e) et les Merlus se rendront sur le Rocher le 18 janvier (18e journ\u00e9e).<\/p>\n<p>3. Le derby \u00e0 domicile contre Brest en octobre<\/p>\n<p>La r\u00e9ception du Stade Rennais le week-end du 24 ao\u00fbt (2e journ\u00e9e) constituera donc le premier derby breton de la saison pour Lorient, qui se rendra au Roazhon Park le week-end du 25 janvier (19e journ\u00e9e). Les Merlus recevront Brest le week-end du 19 octobre (8e journ\u00e9e) et iront dans le Finist\u00e8re le week-end du 8 f\u00e9vrier (21e journ\u00e9e). Ils iront \u00e0 Nantes le week-end du 23 novembre (13e journ\u00e9e) et recevront les Canaris le week-end du 1er f\u00e9vrier (20e journ\u00e9e).<\/p>\n","protected":false},"excerpt":{"rendered":"Ligue 1. FC Lorient1. Premi\u00e8re journ\u00e9e \u00e0 Auxerre, premi\u00e8re \u00e0 domicile contre Rennes Le FC Lorient retrouvera la&hellip;\n","protected":false},"author":2,"featured_media":208324,"comment_status":"","ping_status":"","sticky":false,"template":"","format":"standard","meta":{"footnotes":""},"categories":[2821],"tags":[1111,11,829,765,3166,1777,674,3317,63,1011,27,66,1781,12,584,25,60],"class_list":{"0":"post-208323","1":"post","2":"type-post","3":"status-publish","4":"format-standard","5":"has-post-thumbnail","7":"category-rennes","8":"tag-actu","9":"tag-actualites","10":"tag-bretagne","11":"tag-en-continu","12":"tag-en-continu-sports","13":"tag-eu","14":"tag-europe","15":"tag-fc-lorient","16":"tag-football","17":"tag-fr","18":"tag-france","19":"tag-ligue-1","20":"tag-lorient","21":"tag-news","22":"tag-rennes","23":"tag-republique-francaise","24":"tag-sports"},"share_on_mastodon":{"url":"https:\/\/pubeurope.com\/@fr\/114755339819888102","error":""},"_links":{"self":[{"href":"https:\/\/www.europesays.com\/fr\/wp-json\/wp\/v2\/posts\/208323","targetHints":{"allow":["GET"]}}],"collection":[{"href":"https:\/\/www.europesays.com\/fr\/wp-json\/wp\/v2\/posts"}],"about":[{"href":"https:\/\/www.europesays.com\/fr\/wp-json\/wp\/v2\/types\/post"}],"author":[{"embeddable":true,"href":"https:\/\/www.europesays.com\/fr\/wp-json\/wp\/v2\/users\/2"}],"replies":[{"embeddable":true,"href":"https:\/\/www.europesays.com\/fr\/wp-json\/wp\/v2\/comments?post=208323"}],"version-history":[{"count":0,"href":"https:\/\/www.europesays.com\/fr\/wp-json\/wp\/v2\/posts\/208323\/revisions"}],"wp:featuredmedia":[{"embeddable":true,"href":"https:\/\/www.europesays.com\/fr\/wp-json\/wp\/v2\/media\/208324"}],"wp:attachment":[{"href":"https:\/\/www.europesays.com\/fr\/wp-json\/wp\/v2\/media?parent=208323"}],"wp:term":[{"taxonomy":"category","embeddable":true,"href":"https:\/\/www.europesays.com\/fr\/wp-json\/wp\/v2\/categories?post=208323"},{"taxonomy":"post_tag","embeddable":true,"href":"https:\/\/www.europesays.com\/fr\/wp-json\/wp\/v2\/tags?post=208323"}],"curies":[{"name":"wp","href":"https:\/\/api.w.org\/{rel}","templated":true}]}}