{"id":208325,"date":"2025-06-27T12:31:12","date_gmt":"2025-06-27T12:31:12","guid":{"rendered":"https:\/\/www.europesays.com\/fr\/208325\/"},"modified":"2025-06-27T12:31:12","modified_gmt":"2025-06-27T12:31:12","slug":"wisches-soiree-portugaise-le-5-juillet-defi-sportif-et-des-dons-pour-lassociation-arame","status":"publish","type":"post","link":"https:\/\/www.europesays.com\/fr\/208325\/","title":{"rendered":"Wisches. Soir\u00e9e portugaise le 5 juillet, d\u00e9fi sportif et des dons pour l\u2019association Arame"},"content":{"rendered":"<p>L\u2019amicale des sapeurs-pompiers de Wisches-Hersbach organise une soir\u00e9e portugaise, samedi 5\u00a0juillet, \u00e0 la salle des f\u00eates de Wisches.<\/p>\n<p>L\u2019association proposera pour l\u2019occasion une feijoada, du cassoulet portugais, et a invit\u00e9 un groupe folklorique, l\u2019AFP Saudades de Portugal, pour animer la soir\u00e9e avec un spectacle. Le but de la soir\u00e9e organis\u00e9e par les pompiers est de r\u00e9colter des fonds pour une cagnotte.<\/p>\n<p>  Gravir 566 marches<\/p>\n<p>En effet, une dizaine de pompiers a pr\u00e9vu de se rendre au Portugal, et plus pr\u00e9cis\u00e9ment \u00e0 Brega, fin septembre. Les pompiers ont pour objectif de gravir, avec leurs \u00e9quipements de feu complets, les 566 marches de l\u2019escalier du sanctuaire de Bom Jesus do Monte.<\/p>\n<p>\u00ab\u00a0Une de nos sapeur-pompi\u00e8re, B\u00e9atrice Araujo, est portugaise et originaire de Brega. Ce d\u00e9fi est son id\u00e9e\u00a0\u00bb, explique le pr\u00e9sident de l\u2019amicale, Olivier Heitzmann.<\/p>\n<p>Les pompiers, s\u2019ils parviennent tous en haut de l\u2019escalier \u00e9galement connu sous le nom d&rsquo;\u201cEscalier de l\u2019humanit\u00e9\u201d, souhaitent reverser 1\u00a0\u20ac par marche gravie, ce qui ferait une cagnotte totale de 5\u00a0660\u00a0\u20ac, \u00e0 l\u2019Arame (Association r\u00e9gionale d\u2019actions m\u00e9dicales et sociales pour les enfants). Celle-ci aide et am\u00e9liore le quotidien des enfants atteints de cancer ou de maladies du sang \u00e0 l\u2019h\u00f4pital de Hautepierre, \u00e0 Strasbourg.<\/p>\n<p class=\"note\">R\u00e9servations pour la feijoada avant le 30\u00a0juin au 06\u00a026\u00a071\u00a075\u00a067 (apr\u00e8s 18\u00a0h).<\/p>\n","protected":false},"excerpt":{"rendered":"L\u2019amicale des sapeurs-pompiers de Wisches-Hersbach organise une soir\u00e9e portugaise, samedi 5\u00a0juillet, \u00e0 la salle des f\u00eates de Wisches.&hellip;\n","protected":false},"author":2,"featured_media":208326,"comment_status":"","ping_status":"","sticky":false,"template":"","format":"standard","meta":{"footnotes":""},"categories":[2820],"tags":[1111,11,1687,24625,1777,674,1011,27,775,12,25,71,34734,640,34733],"class_list":{"0":"post-208325","1":"post","2":"type-post","3":"status-publish","4":"format-standard","5":"has-post-thumbnail","7":"category-strasbourg","8":"tag-actu","9":"tag-actualites","10":"tag-culture-loisirs","11":"tag-edition-molsheim-obernai","12":"tag-eu","13":"tag-europe","14":"tag-fr","15":"tag-france","16":"tag-grand-est","17":"tag-news","18":"tag-republique-francaise","19":"tag-sante","20":"tag-secteur-de-schirmeck","21":"tag-strasbourg","22":"tag-wisches"},"share_on_mastodon":{"url":"https:\/\/pubeurope.com\/@fr\/114755343828237578","error":""},"_links":{"self":[{"href":"https:\/\/www.europesays.com\/fr\/wp-json\/wp\/v2\/posts\/208325","targetHints":{"allow":["GET"]}}],"collection":[{"href":"https:\/\/www.europesays.com\/fr\/wp-json\/wp\/v2\/posts"}],"about":[{"href":"https:\/\/www.europesays.com\/fr\/wp-json\/wp\/v2\/types\/post"}],"author":[{"embeddable":true,"href":"https:\/\/www.europesays.com\/fr\/wp-json\/wp\/v2\/users\/2"}],"replies":[{"embeddable":true,"href":"https:\/\/www.europesays.com\/fr\/wp-json\/wp\/v2\/comments?post=208325"}],"version-history":[{"count":0,"href":"https:\/\/www.europesays.com\/fr\/wp-json\/wp\/v2\/posts\/208325\/revisions"}],"wp:featuredmedia":[{"embeddable":true,"href":"https:\/\/www.europesays.com\/fr\/wp-json\/wp\/v2\/media\/208326"}],"wp:attachment":[{"href":"https:\/\/www.europesays.com\/fr\/wp-json\/wp\/v2\/media?parent=208325"}],"wp:term":[{"taxonomy":"category","embeddable":true,"href":"https:\/\/www.europesays.com\/fr\/wp-json\/wp\/v2\/categories?post=208325"},{"taxonomy":"post_tag","embeddable":true,"href":"https:\/\/www.europesays.com\/fr\/wp-json\/wp\/v2\/tags?post=208325"}],"curies":[{"name":"wp","href":"https:\/\/api.w.org\/{rel}","templated":true}]}}