{"id":208329,"date":"2025-06-27T12:33:11","date_gmt":"2025-06-27T12:33:11","guid":{"rendered":"https:\/\/www.europesays.com\/fr\/208329\/"},"modified":"2025-06-27T12:33:11","modified_gmt":"2025-06-27T12:33:11","slug":"une-structure-cagnes-sur-mer-installee-sur-le-bord-de-mer-juste-devant-le-pumptrack-2","status":"publish","type":"post","link":"https:\/\/www.europesays.com\/fr\/208329\/","title":{"rendered":"Une structure #Cagnes-sur-Mer install\u00e9e sur le bord de mer, juste devant le pumptrack"},"content":{"rendered":"<p>Elle est apparue ce mercredi, \u00e0 l\u2019entr\u00e9e ouest de Cagnes-sur-Mer, \u00e0 la fronti\u00e8re avec Villeneuve-Loubet, tout de suite apr\u00e8s avoir enjamb\u00e9 le fleuve Loup. Juste devant <a href=\"https:\/\/www.nicematin.com\/sport\/pumptrack-de-cagnes-sur-mer-la-ville-decide-finalement-de-creer-un-circuit-debutants-pour-eviter-les-collisions-986105\" rel=\"nofollow noopener\" target=\"_blank\">le pumptrack (qui doit \u00eatre inaugur\u00e9 ce <\/a>dimanche), \u00e0 proximit\u00e9 imm\u00e9diate de l\u2019hippodrome, avec en arri\u00e8re-plan le ch\u00e2teau du Haut-de-Cagnes, tr\u00f4ne d\u00e9sormais une structure g\u00e9ante o\u00f9 l\u2019on peut lire: \u00ab\u00a0#Cagnes-sur-Mer\u00a0\u00bb.<\/p>\n<p>\u00ab\u00a0Il y a de la nouveaut\u00e9 en bord de mer\u2026 Parce que nous sommes fiers d\u2019\u00eatre Cagnois, nous l\u2019affichons\u00a0\u00bb, a \u00e9crit le maire de Cagnes-sur-Mer, Louis N\u00e8gre, sur sa page Facebook, mercredi 25 juin, en prenant un selfie devant l\u2019objet destin\u00e9 aux r\u00e9seaux sociaux, (presque) digne d\u2019un influenceur.<\/p>\n<p>La structure, bleue et blanche, affiche en lettre g\u00e9ante #Cagnes-sur-Mer, avec en sous-titre \u00ab\u00a0Une ville qui bouge\u00a0\u00bb. Ce qui n\u2019est pas sans rappeler <a href=\"https:\/\/www.nicematin.com\/vie-locale\/le-celebre-ilovenice-vient-d-etre-remplace-par-une-grosse-boule-on-vous-explique-ce-que-c-est-982362\" rel=\"nofollow noopener\" target=\"_blank\">le #ILoveNice install\u00e9 depuis plusieurs ann\u00e9es \u00e0 Rauba-Cape\u00f9, \u00e0 deux pas du port de Nice<\/a>, et devenu un incontournable spot \u00e0 selfies.<\/p>\n<p>\u00ab\u00a0On copie tout sur Nice\u00a0\u00bb<\/p>\n<p>              <img ci-src=\"https:\/\/www.nicematin.com\/vie-locale\/protec\/DATA_ART_15794675-BzE6Q9sn.jpg?vh=2d6d82&amp;ci_seal=0e3e0de4a9\" alt=\"\"\/><br \/>\n        La structure #Cagnes-sur-Mer a \u00e9t\u00e9 install\u00e9 sur le bord de mer \u00e0 l\u2019entr\u00e9e ouest de la ville. Photo Romain B\u00e9al <\/p>\n<p>D\u2019ailleurs, sur les r\u00e9seaux sociaux, les mauvaises langues n\u2019y vont pas par quatre chemins: \u00ab\u00a0Quand on vous dit qu\u2019\u00e0 Cagnes-sur-Mer, on copie tout sur Nice, et que la Ville manque d\u2019initiative\u00a0\u00bb, l\u00e2che Azzem.<\/p>\n<p>D\u2019autres sont plus dithyrambiques: \u00ab\u00a0Tout simplement ind\u00e9tr\u00f4nable\u00a0\u00bb, \u00e9crit Marcel. \u00ab\u00a0G\u00e9nial! Oui fi\u00e8re d\u2019\u00eatre Cagnoise et d\u2019\u00e9duquer nos ados\u00a0\u00bb, rench\u00e9rit Nini.<\/p>\n<p>\u00ab\u00a0Ce projet n\u2019est pas simplement une installation visuelle. Il traduit une ambition collective: celle de faire rayonner Cagnes-sur-Mer bien au-del\u00e0 de ses fronti\u00e8res, de renforcer le sentiment d\u2019appartenance et de proposer une nouvelle fa\u00e7on de vivre la ville, plus fi\u00e8re, plus dynamique, plus partag\u00e9e\u00a0\u00bb, a ajout\u00e9 le maire Louis N\u00e8gre jeudi, par communiqu\u00e9 de presse.<\/p>\n<p>Alors, les Cagnois et autres touristes vont-ils se ruer devant la structure pour prendre la pose, et partager le tout sur les r\u00e9seaux sociaux? En tout cas, c\u2019est le but de la municipalit\u00e9: \u00ab\u00a0Chacun est invit\u00e9 \u00e0 prendre la pose, \u00e0 partager son clich\u00e9 avec le hashtag #CagnesSurMer et ainsi contribuer \u00e0 la dynamique d\u2019un marketing territorial vivant et inclusif.\u00a0\u00bb<\/p><\/p>\n","protected":false},"excerpt":{"rendered":"Elle est apparue ce mercredi, \u00e0 l\u2019entr\u00e9e ouest de Cagnes-sur-Mer, \u00e0 la fronti\u00e8re avec Villeneuve-Loubet, tout de suite&hellip;\n","protected":false},"author":2,"featured_media":208330,"comment_status":"","ping_status":"","sticky":false,"template":"","format":"standard","meta":{"footnotes":""},"categories":[2819],"tags":[1111,11,1777,674,1011,27,12,2401,882,25,3366],"class_list":{"0":"post-208329","1":"post","2":"type-post","3":"status-publish","4":"format-standard","5":"has-post-thumbnail","7":"category-nice","8":"tag-actu","9":"tag-actualites","10":"tag-eu","11":"tag-europe","12":"tag-fr","13":"tag-france","14":"tag-news","15":"tag-nice","16":"tag-provence-alpes-cote-dazur","17":"tag-republique-francaise","18":"tag-vie-locale"},"share_on_mastodon":{"url":"https:\/\/pubeurope.com\/@fr\/114755351576969874","error":""},"_links":{"self":[{"href":"https:\/\/www.europesays.com\/fr\/wp-json\/wp\/v2\/posts\/208329","targetHints":{"allow":["GET"]}}],"collection":[{"href":"https:\/\/www.europesays.com\/fr\/wp-json\/wp\/v2\/posts"}],"about":[{"href":"https:\/\/www.europesays.com\/fr\/wp-json\/wp\/v2\/types\/post"}],"author":[{"embeddable":true,"href":"https:\/\/www.europesays.com\/fr\/wp-json\/wp\/v2\/users\/2"}],"replies":[{"embeddable":true,"href":"https:\/\/www.europesays.com\/fr\/wp-json\/wp\/v2\/comments?post=208329"}],"version-history":[{"count":0,"href":"https:\/\/www.europesays.com\/fr\/wp-json\/wp\/v2\/posts\/208329\/revisions"}],"wp:featuredmedia":[{"embeddable":true,"href":"https:\/\/www.europesays.com\/fr\/wp-json\/wp\/v2\/media\/208330"}],"wp:attachment":[{"href":"https:\/\/www.europesays.com\/fr\/wp-json\/wp\/v2\/media?parent=208329"}],"wp:term":[{"taxonomy":"category","embeddable":true,"href":"https:\/\/www.europesays.com\/fr\/wp-json\/wp\/v2\/categories?post=208329"},{"taxonomy":"post_tag","embeddable":true,"href":"https:\/\/www.europesays.com\/fr\/wp-json\/wp\/v2\/tags?post=208329"}],"curies":[{"name":"wp","href":"https:\/\/api.w.org\/{rel}","templated":true}]}}