{"id":208335,"date":"2025-06-27T12:36:16","date_gmt":"2025-06-27T12:36:16","guid":{"rendered":"https:\/\/www.europesays.com\/fr\/208335\/"},"modified":"2025-06-27T12:36:16","modified_gmt":"2025-06-27T12:36:16","slug":"top-7-des-oeuvres-du-van-a-decouvrir-big-city-nantes","status":"publish","type":"post","link":"https:\/\/www.europesays.com\/fr\/208335\/","title":{"rendered":"Top 7 des \u0153uvres du VAN \u00e0 d\u00e9couvrir ! \u2013 Big City Nantes"},"content":{"rendered":"<p>Et si ton \u00e9t\u00e9 devenait une aventure artistique \u00e0 ciel ouvert ? Chaque ann\u00e9e, <strong>Nantes <\/strong>se r\u00e9invente pour la saison estivale. Cette ann\u00e9e,<a href=\"https:\/\/www.levoyageanantes.fr\/evenements\/le-voyage-estival\/\" target=\"_blank\" rel=\"noopener\"> <strong>Le Voyage \u00e0 Nantes<\/strong><\/a> t\u2019embarque dans l\u2019univers de <strong>l\u2019\u00e9tranget\u00e9 <\/strong>avec une fanfare en tenue de camouflage, des silhouettes anonymes arpentant les fa\u00e7ades, une femme enceinte g\u00e9ante, et bien d\u2019autres\u2026 Pour d\u00e9couvrir ce nouveau voyage, suis la ligne verte et plonge-toi dans un parcours urbain surprenant ! On t\u2019a pr\u00e9par\u00e9 un <strong>TOP des 7 \u0153uvres incontournables \u00e0 d\u00e9couvrir cet \u00e9t\u00e9\u2026<\/strong><\/p>\n<p>Le Voyage \u00e0 Nantes : L\u2019\u00e9trange \u00e9t\u00e9<\/p>\n<p>Du<strong> 28 juin au 31 ao\u00fbt 2025<\/strong>, <strong><a href=\"https:\/\/www.levoyageanantes.fr\/evenements\/le-voyage-estival\/\" target=\"_blank\" rel=\"noopener\">Le Voyage \u00e0 Nantes<\/a><\/strong> t\u2019embarque pour cette \u00e9dition 2025 dans l\u2019univers de l\u2019\u00e9tranget\u00e9. \u00c0 travers ce parcours indiqu\u00e9 par une ligne verte, retrouve les lieux les plus embl\u00e9matiques de Nantes compl\u00e8tement r\u00e9invent\u00e9s comme <strong>la Place Royale, la Place Graslin, le Passage Sainte-Croix, La Place Mar\u00e9chal-Foch,\u2026<\/strong><\/p>\n<p>1. La Mauvaise Troupe par Romain Weintzem<img loading=\"lazy\" decoding=\"async\" width=\"680\" height=\"510\" src=\"https:\/\/www.europesays.com\/fr\/wp-content\/uploads\/2025\/06\/Romain-Weintzem.-La-Mauvaise-Troupe.-Romain-Weintzem-\u00a9DR-_-LVAN-1.png\" alt=\"Romain Weintzem. La Mauvaise Troupe.  \u00a9DR _ LVAN\" class=\"lazyload wp-image-116009\"  data-\/>Romain Weintzem. La Mauvaise Troupe. \u00a9DR _ LVAN<\/p>\n<p><strong>Oeuvres \u00e0 d\u00e9couvrir Rue de Richebourg et Clemenceau<\/strong><\/p>\n<p>Le sculpteur <strong>Romain Weinstzem<\/strong> a mis en sc\u00e8ne des personnages en tenues militaires, arm\u00e9s d\u2019instruments de fanfare. Inspir\u00e9e d\u2019un po\u00e8me de Verlaine et d\u2019un fait r\u00e9el de 1913, l\u2019\u0153uvre rend hommage \u00e0 un groupe de lyc\u00e9ens rebelles. Burlesque et subversive, elle questionne l\u2019autorit\u00e9 avec humour. L\u2019un des personnages escalade m\u00eame le sommet du lyc\u00e9e !<\/p>\n<p>2. Antipodos par Iv\u00e1n Argote<img loading=\"lazy\" decoding=\"async\" width=\"680\" height=\"510\" src=\"https:\/\/www.europesays.com\/fr\/wp-content\/uploads\/2025\/06\/Ivan-Argote.-Antipodos-\u00a9Philippe-Piron-_-LVAN-1.png\" alt=\"Iv\u00e1n Argote. Antipodos \u00a9Philippe Piron _ LVAN\" class=\"lazyload wp-image-116005\"  data-\/>Iv\u00e1n Argote. Antipodos \u00a9Philippe Piron _ LVAN<\/p>\n<p><strong>\u0152uvres \u00e0 d\u00e9couvrir Rue Mar\u00e9chal-Joffre et Place Mar\u00e9chal-Foch<\/strong><\/p>\n<p>Dans le cadre de la pi\u00e9tonnisation de la<strong> rue Mar\u00e9chal-Joffre<\/strong>, <strong>Iv\u00e1n Argote<\/strong> propose un renversement po\u00e9tique et politique : deux silhouettes anonymes encadrent la statue de Louis XVI et la fa\u00e7ade d\u2019un immeuble, cr\u00e9ant une illusion de disparition. Inspir\u00e9e de figures mythiques et de territoires invers\u00e9s, l\u2019\u0153uvre interroge la place des symboles monarchiques dans l\u2019espace public. Elle bouscule la perception du pouvoir et invite \u00e0 repenser notre rapport \u00e0 l\u2019Histoire et \u00e0 la m\u00e9moire.<\/p>\n<p>3. Vies de b\u00eates par El\u00e9onore Saintagnan<img loading=\"lazy\" decoding=\"async\" width=\"680\" height=\"510\" src=\"https:\/\/www.europesays.com\/fr\/wp-content\/uploads\/2025\/06\/Eleonore-Saintagnan.-Vies-de-betes-1.png\" alt=\"El\u00e9onore Saintagnan. Vies de b\u00eates\" class=\"lazyload wp-image-116004\"  data-\/>El\u00e9onore Saintagnan. Vies de b\u00eates<\/p>\n<p><strong>\u0152uvres \u00e0 d\u00e9couvrir au Passage Sainte-Croix<\/strong><\/p>\n<p><strong>Vies de b\u00eates d\u2019\u00c9l\u00e9onore Saintagnan <\/strong>explore avec po\u00e9sie la cohabitation entre humains et animaux. Sculptures et r\u00e9cits m\u00ealent r\u00e9alit\u00e9 et fiction, entre documentaire et conte. Poisson g\u00e9ant, perroquet ou hippopotames : ses histoires animales d\u00e9cal\u00e9es nous questionnent sur notre rapport au vivant. Cette exposition sensible nous invite \u00e0 repenser notre cohabitation entre l\u2019humain et les animaux.<\/p>\n<p>4. L\u2019Absurdistan par Gloria Friedmann<img loading=\"lazy\" decoding=\"async\" width=\"680\" height=\"510\" src=\"https:\/\/www.europesays.com\/fr\/wp-content\/uploads\/2025\/06\/LAbsurdistan-Gloria-Friedmann-1.png\" alt=\"L'Absurdistan Gloria Friedmann\" class=\"lazyload wp-image-116006\"  data-\/>L\u2019Absurdistan Gloria Friedmann<\/p>\n<p><strong>\u0152uvre \u00e0 d\u00e9couvrir Cours de l\u2019H\u00f4tel de Ch\u00e2teaubriant, dit H\u00f4tel de Briord<\/strong><\/p>\n<p><strong>Gloria Friedmann<\/strong> met en sc\u00e8ne <strong>L\u2019absurdistan<\/strong>, une humanit\u00e9 fig\u00e9e, connect\u00e9e \u00e0 une cr\u00e9ature g\u00e9ante faite de c\u00e2bles et de rebuts num\u00e9riques. \u00c0 proximit\u00e9 imm\u00e9diate des rues commer\u00e7antes, cette \u0153uvre puissante interroge notre d\u00e9pendance \u00e0 la technologie et la disparition du facteur humain. \u00c0 travers \u00ab L\u2019Absurdistan \u00bb, l\u2019artiste nous alerte sur l\u2019avenir de l\u2019humanit\u00e9.<\/p>\n<p>5. Latest Version par Willem de Haan<img loading=\"lazy\" decoding=\"async\" width=\"680\" height=\"510\" src=\"https:\/\/www.europesays.com\/fr\/wp-content\/uploads\/2025\/06\/Willem-de-Haan.-Latest-Version-1.png\" alt=\"Willem de Haan. Latest Version\" class=\"lazyload wp-image-116010\"  data-\/>Willem de Haan. Latest Version<\/p>\n<p><strong>\u0152uvre \u00e0 d\u00e9couvrir Place Royale<\/strong><\/p>\n<p><strong>Willem de Haan<\/strong> transforme compl\u00e8tement la fontaine de la <strong>Place Royale<\/strong>. Il imagine une \u00ab\u00a0mise \u00e0 jour\u00a0\u00bb en rempla\u00e7ant les anciennes all\u00e9gories du 19\u00e8me si\u00e8cle par quatorze portraits hyperr\u00e9alistes de Nantais contemporains, choisis pour leur r\u00f4le dans la ville d\u2019aujourd\u2019hui. Les statues historiques sont d\u00e9plac\u00e9es sur la place et mises en sc\u00e8ne dans une structure \u00e9voquant les r\u00e9serves mus\u00e9ales, cr\u00e9ant un dialogue entre pass\u00e9 et pr\u00e9sent.<\/p>\n<p>6. Mothership par Prune Nourry<img loading=\"lazy\" decoding=\"async\" width=\"680\" height=\"510\" src=\"https:\/\/www.europesays.com\/fr\/wp-content\/uploads\/2025\/06\/Prune-Nourry.-Mothership-\u00a9Prune-Nourry-_-LVAN-1.png\" alt=\"Prune Nourry. Mothership \u00a9Prune Nourry _ LVAN\" class=\"lazyload wp-image-116008\"  data-\/>Prune Nourry. Mothership \u00a9Prune Nourry _ LVAN<\/p>\n<p><strong>\u0152uvre \u00e0 d\u00e9couvrir Place Graslin<\/strong><\/p>\n<p><strong>Prune Nourry <\/strong>explore \u00e0 travers ses \u0153uvres des th\u00e8mes m\u00ealant humanisme, science et spiritualit\u00e9. Apr\u00e8s avoir sculpt\u00e9 une femme enceinte immerg\u00e9e dans du lait, elle cr\u00e9e en 2023 <strong>Mater Earth<\/strong>, une grande sculpture en terre. <strong>Mothership<\/strong> est une \u0153uvre m\u00e9tallique de 17 m\u00e8tres compos\u00e9e de coques de bateaux retourn\u00e9es, symbolisant un squelette hybride humain, animal et naval. Cette sculpture fait \u00e9cho \u00e0 l\u2019histoire portuaire de Nantes tout en m\u00ealant diff\u00e9rentes influences culturelles et artistiques.<\/p>\n<p>7. \u00c9pilogue Silvestre<img loading=\"lazy\" decoding=\"async\" width=\"680\" height=\"510\" src=\"https:\/\/www.europesays.com\/fr\/wp-content\/uploads\/2025\/06\/Laurent-Tixador.-Epilogue-sylvestre-Terminus-foret-Retour-aux-forets-\u00a9Laurent-Tixador-1.png\" alt=\"Laurent Tixador. \u00c9pilogue sylvestre (Terminus for\u00eat - Retour aux for\u00eats) \u00a9Laurent Tixador\" class=\"lazyload wp-image-116007\"  data-\/>Laurent Tixador. \u00c9pilogue sylvestre (Terminus for\u00eat \u2013 Retour aux for\u00eats) \u00a9Laurent Tixador<\/p>\n<p><strong>\u0152uvre \u00e0 d\u00e9couvrir partout dans la ville <\/strong><\/p>\n<p><strong>Laurent Tixador<\/strong> a imagin\u00e9 une \u0153uvre originale en transformant un tramway nantais en une v\u00e9ritable \u00ab cabane roulante \u00bb. Au <strong>Parc de Proc\u00e9<\/strong>, il a d\u2019abord construit, avec un groupe d\u2019\u00e9tudiants, une fa\u00e7ade en bois de 36 m\u00e8tres de long et 3 m\u00e8tres de haut, inspir\u00e9e des cabanes de soldats de la Premi\u00e8re Guerre mondiale, en utilisant des rebuts de bois provenant des \u00e9lagages et des temp\u00eates. Cette structure a ensuite \u00e9t\u00e9 photographi\u00e9e et reproduite en adh\u00e9sif pour habiller un <strong>tramway <\/strong>circulant dans Nantes. En m\u00ealant urbanisme et nature, l\u2019\u0153uvre offre aux habitants une exp\u00e9rience visuelle unique, \u00e9voquant avec humour un retour \u00e0 la for\u00eat au c\u0153ur de la ville.<\/p>\n<p><strong>Ce n\u2019est qu\u2019une s\u00e9lection<\/strong>\u00a0de ce que tu vas pouvoir admirer jusqu\u2019au 31 ao\u00fbt 2025. Alors, laisse-toi guider par la <strong>Ligne Verte du Voyage Estival<\/strong> et explore l\u2019enti\u00e8ret\u00e9 des \u0153uvres aux 4 coins de la ville pour une exp\u00e9rience immersive et surprenante 100% garantie !<\/p>\n<p class=\"has-white-color has-text-color has-background\"> <strong> Infos pratiques<\/strong> <\/p>\n<p><strong>O\u00f9 ?<\/strong>\u00a0\u00a0Multi-sites<br \/><strong>Quand ?<\/strong>\u00a0\u00a0Du 28 juin au 31 ao\u00fbt 2025<br \/><strong>Tarif(s)<\/strong>\u00a0\u00a0Gratuit \/ Payant<\/p>\n","protected":false},"excerpt":{"rendered":"Et si ton \u00e9t\u00e9 devenait une aventure artistique \u00e0 ciel ouvert ? Chaque ann\u00e9e, Nantes se r\u00e9invente pour&hellip;\n","protected":false},"author":2,"featured_media":208336,"comment_status":"","ping_status":"","sticky":false,"template":"","format":"standard","meta":{"footnotes":""},"categories":[2818],"tags":[1111,11,3734,1396,11898,1777,674,1011,27,766,12,2636,25,34735],"class_list":{"0":"post-208335","1":"post","2":"type-post","3":"status-publish","4":"format-standard","5":"has-post-thumbnail","7":"category-nantes","8":"tag-actu","9":"tag-actualites","10":"tag-art","11":"tag-art-contemporain","12":"tag-centre-ville","13":"tag-eu","14":"tag-europe","15":"tag-fr","16":"tag-france","17":"tag-nantes","18":"tag-news","19":"tag-pays-de-la-loire","20":"tag-republique-francaise","21":"tag-voyage-a-nantes"},"share_on_mastodon":{"url":"https:\/\/pubeurope.com\/@fr\/114755363679693500","error":""},"_links":{"self":[{"href":"https:\/\/www.europesays.com\/fr\/wp-json\/wp\/v2\/posts\/208335","targetHints":{"allow":["GET"]}}],"collection":[{"href":"https:\/\/www.europesays.com\/fr\/wp-json\/wp\/v2\/posts"}],"about":[{"href":"https:\/\/www.europesays.com\/fr\/wp-json\/wp\/v2\/types\/post"}],"author":[{"embeddable":true,"href":"https:\/\/www.europesays.com\/fr\/wp-json\/wp\/v2\/users\/2"}],"replies":[{"embeddable":true,"href":"https:\/\/www.europesays.com\/fr\/wp-json\/wp\/v2\/comments?post=208335"}],"version-history":[{"count":0,"href":"https:\/\/www.europesays.com\/fr\/wp-json\/wp\/v2\/posts\/208335\/revisions"}],"wp:featuredmedia":[{"embeddable":true,"href":"https:\/\/www.europesays.com\/fr\/wp-json\/wp\/v2\/media\/208336"}],"wp:attachment":[{"href":"https:\/\/www.europesays.com\/fr\/wp-json\/wp\/v2\/media?parent=208335"}],"wp:term":[{"taxonomy":"category","embeddable":true,"href":"https:\/\/www.europesays.com\/fr\/wp-json\/wp\/v2\/categories?post=208335"},{"taxonomy":"post_tag","embeddable":true,"href":"https:\/\/www.europesays.com\/fr\/wp-json\/wp\/v2\/tags?post=208335"}],"curies":[{"name":"wp","href":"https:\/\/api.w.org\/{rel}","templated":true}]}}