{"id":208344,"date":"2025-06-27T12:41:16","date_gmt":"2025-06-27T12:41:16","guid":{"rendered":"https:\/\/www.europesays.com\/fr\/208344\/"},"modified":"2025-06-27T12:41:16","modified_gmt":"2025-06-27T12:41:16","slug":"il-achete-par-erreur-un-billet-ter-dans-le-mauvais-sens-et-recoit-une-amende-de-50-e","status":"publish","type":"post","link":"https:\/\/www.europesays.com\/fr\/208344\/","title":{"rendered":"Il ach\u00e8te par erreur un billet TER dans le mauvais sens et re\u00e7oit une amende de 50\u00a0\u20ac"},"content":{"rendered":"<p>Encore un voyageur qui d\u00e9nonce la\u00a0rigidit\u00e9 des contr\u00f4leurs SNCF. Comme le raconte\u00a0 <a href=\"https:\/\/www.lavoixdunord.fr\/1598874\/article\/2025-06-23\/les-deux-trains-partaient-la-meme-heure-50eu-d-amende-pour-avoir-pris-son-billet\" target=\"_blank\" rel=\"nofollow noopener\">La Voix du Nord<\/a> , un usager du TER a re\u00e7u une amende de 50\u00a0\u20ac\u00a0mercredi 4\u00a0juin pour avoir pris, dans la pr\u00e9cipitation, un billet dans le mauvais sens. Habitu\u00e9 de la ligne depuis dix ans et d\u00e9tenteur de la carte TER Hauts-de-France, il a s\u00e9lectionn\u00e9 sur l\u2019application un Lille-Orchies au lieu d\u2019un Orchies-Lille.<\/p>\n<p>Malgr\u00e9 ses explications,\u00a0le contr\u00f4leur n\u2019a rien voulu savoir et l\u2019a verbalis\u00e9 pour absence de titre valide.\u00a0S\u2019il reconna\u00eet son erreur, l\u2019homme explique que les deux trains\u00a0circulaient exactement \u00e0 la m\u00eame heure, d\u2019o\u00f9 sa confusion lors de l\u2019achat.\u00a0En outre, il affirme que <strong>\u00ab\u00a0la SNCF n\u2019a subi absolument aucun pr\u00e9judice\u00a0\u00bb<\/strong> car le prix du billet, quel que soit le sens, \u00e9tait de\u00a02,90\u00a0\u20ac\u00a0(tarif abonn\u00e9).<\/p>\n<p>Sa demande de remboursement refus\u00e9e<\/p>\n<p>Sa demande de remboursement aupr\u00e8s du service client ayant \u00e9t\u00e9 refus\u00e9e, l\u2019usager\u00a0a d\u00e9cid\u00e9 de faire un\u00a0recours aupr\u00e8s de la m\u00e9diatrice\u00a0de la SNCF.\u00a0Contact\u00e9e par nos confr\u00e8res, l\u2019entreprise a soutenu le contr\u00f4leur et rappel\u00e9 <strong>\u00ab\u00a0qu\u2019acheter un billet dans le sens inverse, m\u00eame involontairement, reste une irr\u00e9gularit\u00e9\u00a0\u00bb<\/strong>.<\/p>\n<p>Il y a quelques jours,\u00a0une trentenaire qui se rendait \u00e0 l\u2019h\u00f4pital a <a href=\"https:\/\/paris.maville.com\/actu\/actudet_--injuste-en-route-pour-sa-chimio-elle-achete-son-billet-dans-le-ter-et-recoit-50-e-d-amende-_53511-6867544_actu.Htm\" target=\"_blank\" rel=\"nofollow noopener\">elle aussi re\u00e7u une amende de 50\u00a0\u20ac pour avoir achet\u00e9 son billet directement dans le train<\/a>\u00a0de peur d\u2019\u00eatre en retard.\u00a0L\u2019histoire de cette m\u00e8re de famille, atteinte d\u2019un cancer, a \u00e9t\u00e9 largement relay\u00e9e sur les r\u00e9seaux sociaux et la SNCF a finalement accept\u00e9 de la rembourser.<\/p>\n<p>\u00a0<\/p>\n","protected":false},"excerpt":{"rendered":"Encore un voyageur qui d\u00e9nonce la\u00a0rigidit\u00e9 des contr\u00f4leurs SNCF. Comme le raconte\u00a0 La Voix du Nord , un&hellip;\n","protected":false},"author":2,"featured_media":208345,"comment_status":"","ping_status":"","sticky":false,"template":"","format":"standard","meta":{"footnotes":""},"categories":[2815],"tags":[9285,34736,1111,11,7087,11720,12444,1777,674,1011,27,811,1307,32332,12,15397,25,4071,6472],"class_list":{"0":"post-208344","1":"post","2":"type-post","3":"status-publish","4":"format-standard","5":"has-post-thumbnail","7":"category-lille","8":"tag-9285","9":"tag-achete","10":"tag-actu","11":"tag-actualites","12":"tag-amende","13":"tag-billet","14":"tag-erreur","15":"tag-eu","16":"tag-europe","17":"tag-fr","18":"tag-france","19":"tag-hauts-de-france","20":"tag-lille","21":"tag-mauvais","22":"tag-news","23":"tag-recoit","24":"tag-republique-francaise","25":"tag-sens","26":"tag-ter"},"share_on_mastodon":{"url":"https:\/\/pubeurope.com\/@fr\/114755383006038198","error":""},"_links":{"self":[{"href":"https:\/\/www.europesays.com\/fr\/wp-json\/wp\/v2\/posts\/208344","targetHints":{"allow":["GET"]}}],"collection":[{"href":"https:\/\/www.europesays.com\/fr\/wp-json\/wp\/v2\/posts"}],"about":[{"href":"https:\/\/www.europesays.com\/fr\/wp-json\/wp\/v2\/types\/post"}],"author":[{"embeddable":true,"href":"https:\/\/www.europesays.com\/fr\/wp-json\/wp\/v2\/users\/2"}],"replies":[{"embeddable":true,"href":"https:\/\/www.europesays.com\/fr\/wp-json\/wp\/v2\/comments?post=208344"}],"version-history":[{"count":0,"href":"https:\/\/www.europesays.com\/fr\/wp-json\/wp\/v2\/posts\/208344\/revisions"}],"wp:featuredmedia":[{"embeddable":true,"href":"https:\/\/www.europesays.com\/fr\/wp-json\/wp\/v2\/media\/208345"}],"wp:attachment":[{"href":"https:\/\/www.europesays.com\/fr\/wp-json\/wp\/v2\/media?parent=208344"}],"wp:term":[{"taxonomy":"category","embeddable":true,"href":"https:\/\/www.europesays.com\/fr\/wp-json\/wp\/v2\/categories?post=208344"},{"taxonomy":"post_tag","embeddable":true,"href":"https:\/\/www.europesays.com\/fr\/wp-json\/wp\/v2\/tags?post=208344"}],"curies":[{"name":"wp","href":"https:\/\/api.w.org\/{rel}","templated":true}]}}