{"id":208346,"date":"2025-06-27T12:42:16","date_gmt":"2025-06-27T12:42:16","guid":{"rendered":"https:\/\/www.europesays.com\/fr\/208346\/"},"modified":"2025-06-27T12:42:16","modified_gmt":"2025-06-27T12:42:16","slug":"calendrier-du-stade-brestois-en-ligue-1-la-reception-de-lille-en-ouverture-le-psg-viendra-fin-octobre","status":"publish","type":"post","link":"https:\/\/www.europesays.com\/fr\/208346\/","title":{"rendered":"Calendrier du Stade Brestois en Ligue\u00a01\u00a0: la r\u00e9ception de Lille en ouverture, le PSG viendra fin octobre"},"content":{"rendered":"<p>1. R\u00e9ception de Lille pour lancer la saison<\/p>\n<p>S\u2019il se d\u00e9placera deux fois en ao\u00fbt (\u00e0 Toulouse puis \u00e0 Lens), le Stade Brestois lancera sa saison par la r\u00e9ception de Lille, le week-end du 16 et 17 ao\u00fbt. Apr\u00e8s la premi\u00e8re tr\u00eave internationale, d\u00e9but septembre, les hommes d\u2019\u00c9ric Roy encha\u00eeneront avec deux autres matchs \u00e0 la maison, face au Paris FC puis Nice.<\/p>\n<p>2. Le PSG, premier des cadors \u00e0 affronter<\/p>\n<p>S\u2019il se sera d\u00e9j\u00e0 frott\u00e9 \u00e0 Nice ou Lens avant cela, le SB29 disputera sa premi\u00e8re affiche de gala le week-end du 26 octobre face au Paris Saint-Germain, le vainqueur sortant de la Ligue des champions. Suivront les venues de Monaco, le 7 d\u00e9cembre, puis de Marseille, le 22 f\u00e9vrier. \u00c0 l\u2019inverse, les Brestois se produiront sur la pelouse de l\u2019Orange V\u00e9lodrome le 9 novembre avant de se rendre \u00e0 Louis II le 15 mars. \u00c0 noter qu\u2019ils encha\u00eeneront deux d\u00e9placements cons\u00e9cutifs \u00e0 Paris en fin de saison, lors des journ\u00e9es 32 et 33, face au PFC puis le PSG, les 3 et 9 mai.<\/p>\n<p>3. Retrouvailles face \u00e0 Lorient \u00e0 l\u2019ext\u00e9rieur<\/p>\n<p>S\u2019il faudra patienter jusqu\u2019au 8 f\u00e9vrier pour voir le FC Lorient revenir \u00e0 Brest, les Finist\u00e9riens se rendront au Moustoir d\u00e8s la J8, le week-end du 19 octobre. Une semaine plus t\u00f4t, les partenaires du capitaine Chardonnet lanceront leur programme de derbys face \u00e0 Nantes, avant de se rendre \u00e0 Rennes \u00e0 la mi-d\u00e9cembre. Un adversaire qu\u2019il recevra \u00e0 son tour le 5 avril, avant de se d\u00e9placer \u00e0 Nantes quinze jours plus tard.<\/p>\n","protected":false},"excerpt":{"rendered":"1. R\u00e9ception de Lille pour lancer la saison S\u2019il se d\u00e9placera deux fois en ao\u00fbt (\u00e0 Toulouse puis&hellip;\n","protected":false},"author":2,"featured_media":208347,"comment_status":"","ping_status":"","sticky":false,"template":"","format":"standard","meta":{"footnotes":""},"categories":[2815],"tags":[1111,11,3450,765,3166,1777,674,63,1011,27,811,66,1307,12,25,60,4449],"class_list":{"0":"post-208346","1":"post","2":"type-post","3":"status-publish","4":"format-standard","5":"has-post-thumbnail","7":"category-lille","8":"tag-actu","9":"tag-actualites","10":"tag-brest","11":"tag-en-continu","12":"tag-en-continu-sports","13":"tag-eu","14":"tag-europe","15":"tag-football","16":"tag-fr","17":"tag-france","18":"tag-hauts-de-france","19":"tag-ligue-1","20":"tag-lille","21":"tag-news","22":"tag-republique-francaise","23":"tag-sports","24":"tag-stade-brestois"},"share_on_mastodon":{"url":"https:\/\/pubeurope.com\/@fr\/114755386964757248","error":""},"_links":{"self":[{"href":"https:\/\/www.europesays.com\/fr\/wp-json\/wp\/v2\/posts\/208346","targetHints":{"allow":["GET"]}}],"collection":[{"href":"https:\/\/www.europesays.com\/fr\/wp-json\/wp\/v2\/posts"}],"about":[{"href":"https:\/\/www.europesays.com\/fr\/wp-json\/wp\/v2\/types\/post"}],"author":[{"embeddable":true,"href":"https:\/\/www.europesays.com\/fr\/wp-json\/wp\/v2\/users\/2"}],"replies":[{"embeddable":true,"href":"https:\/\/www.europesays.com\/fr\/wp-json\/wp\/v2\/comments?post=208346"}],"version-history":[{"count":0,"href":"https:\/\/www.europesays.com\/fr\/wp-json\/wp\/v2\/posts\/208346\/revisions"}],"wp:featuredmedia":[{"embeddable":true,"href":"https:\/\/www.europesays.com\/fr\/wp-json\/wp\/v2\/media\/208347"}],"wp:attachment":[{"href":"https:\/\/www.europesays.com\/fr\/wp-json\/wp\/v2\/media?parent=208346"}],"wp:term":[{"taxonomy":"category","embeddable":true,"href":"https:\/\/www.europesays.com\/fr\/wp-json\/wp\/v2\/categories?post=208346"},{"taxonomy":"post_tag","embeddable":true,"href":"https:\/\/www.europesays.com\/fr\/wp-json\/wp\/v2\/tags?post=208346"}],"curies":[{"name":"wp","href":"https:\/\/api.w.org\/{rel}","templated":true}]}}