{"id":208360,"date":"2025-06-27T12:50:11","date_gmt":"2025-06-27T12:50:11","guid":{"rendered":"https:\/\/www.europesays.com\/fr\/208360\/"},"modified":"2025-06-27T12:50:11","modified_gmt":"2025-06-27T12:50:11","slug":"orages-a-paris-des-dizaines-de-parcs-encore-fermes-dans-la-capitale-la-liste-detaillee","status":"publish","type":"post","link":"https:\/\/www.europesays.com\/fr\/208360\/","title":{"rendered":"Orages \u00e0 Paris\u00a0: des dizaines de parcs encore ferm\u00e9s dans la capitale, la liste d\u00e9taill\u00e9e"},"content":{"rendered":"<p class=\"paragraph text_align_left lp-f-body-02\">\u00c0 Paris, le mercure affiche d\u00e9j\u00e0 20 degr\u00e9s en ce vendredi matin, mais les grilles de certains parcs et jardins de la capitale restent d\u00e9sesp\u00e9r\u00e9ment closes. Deux jours apr\u00e8s <a href=\"https:\/\/www.leparisien.fr\/meteo\/cetait-le-cocktail-propice-pourquoi-les-orages-ont-ils-ete-si-violents-notamment-a-paris-26-06-2025-MPNEDF6P5VAXZA67XII2JK2NMI.php\" target=\"_blank\" rel=\"noreferrer nofollow noopener\">la violente temp\u00eate<\/a> qui a frapp\u00e9 la capitale, les Parisiens se retrouvent priv\u00e9s de leurs pr\u00e9cieux \u00eelots de fra\u00eecheur alors que les temp\u00e9ratures devraient grimper jusqu\u2019\u00e0 27 degr\u00e9s dans l\u2019apr\u00e8s-midi.<\/p>\n<p class=\"paragraph text_align_left lp-f-body-02\"><a href=\"https:\/\/www.leparisien.fr\/paris-75\/arbres-tombes-conservatoire-inonde-gardes-a-vue-transferees-lorage-a-souffle-louest-de-paris-26-06-2025-AM5LJHS5FRHN3BHIPVKJMRABJY.php\" target=\"_blank\" rel=\"noreferrer nofollow noopener\">Le bilan est lourd<\/a> : entre 500 et 1 000 arbres ont \u00e9t\u00e9 d\u00e9racin\u00e9s ou endommag\u00e9s par les vents violents et les fortes pluies qui se sont abattus sur la ville. L\u2019ouest parisien a \u00e9t\u00e9 particuli\u00e8rement touch\u00e9 par ces intemp\u00e9ries. Dans le XVIe arrondissement, le boulevard Exelmans compte \u00e0 lui seul plus de 50 arbres au sol ou \u00e0 abattre. Les jardins du Ranelagh, le square des po\u00e8tes, le Trocad\u00e9ro et les jardins d\u2019Auteuil figurent parmi les zones les plus impact\u00e9es par la violence des \u00e9l\u00e9ments.<\/p>\n<p class=\"paragraph text_align_left lp-f-body-02\">La Ville de Paris a annonc\u00e9 ce vendredi matin que plusieurs parcs resteraient encore ferm\u00e9s au public ce vendredi 27 juin. Voici la liste des parcs inaccessibles :<\/p>\n<ul class=\"margin_bottom_md fs_18_26 fs_20_28_ad blue-dot\">\n<li class=\"mb_150 pl_325\">Laurent-Prache et Taras Chevtchenko (VIe)<\/li>\n<li class=\"mb_150 pl_325\">Catherine-Labour\u00e9, square de l\u2019Abb\u00e9 Esquerr\u00e9 (VIIe)<\/li>\n<li class=\"mb_150 pl_325\">Monceau (VIIIe)<\/li>\n<li class=\"mb_150 pl_325\">Square d\u2019Estiennes d\u2019Orves (IXe)<\/li>\n<li class=\"mb_150 pl_325\">Louis\u00a0XVI (Xe)<\/li>\n<li class=\"mb_150 pl_325\">Gaston-Baty (XIVe)<\/li>\n<li class=\"mb_150 pl_325\">Square Cambronne, C\u00e9vennes, Paul-Gilot, Bela-Bartok, passage de la Petite-Ceinture, Georges-Brassens (XVe).<\/li>\n<li class=\"mb_150 pl_325\">Tous les parcs et jardins (XVIe)<\/li>\n<li class=\"mb_150 pl_325\">Square Paul-Paray, Batignolles, Milk, Manavian (XVIIe)<\/li>\n<li class=\"mb_150 pl_325\">Square Jo\u00ebl le Tac, Bleustein Blanchet, L\u00e9on (XVIIIe)<\/li>\n<\/ul>\n<p class=\"paragraph text_align_left lp-f-body-02\">\u00ab En revanche, <a href=\"https:\/\/www.leparisien.fr\/paris-75\/paris-des-habitants-tires-au-sort-pour-restaurer-les-monuments-funeraires-et-en-prendre-possession-10-04-2025-MQRDDSLQA5BD3GTGWDHV6DSDIM.php\" target=\"_blank\" rel=\"noreferrer nofollow noopener\">les cimeti\u00e8res<\/a> sont rouverts ce jour, la mise en s\u00e9curit\u00e9 ayant \u00e9t\u00e9 effectu\u00e9e prioritairement, \u00e0 l\u2019exception du cimeti\u00e8re de Montmartre o\u00f9 de nombreux arbres ont \u00e9t\u00e9 touch\u00e9s \u00bb, pr\u00e9cise la Ville de Paris.<\/p>\n<p class=\"paragraph text_align_left lp-f-body-02\">Face \u00e0 l\u2019ampleur des d\u00e9g\u00e2ts, les services de la Ville sont pleinement mobilis\u00e9s. Les \u00e9quipes techniques s\u2019affairent depuis mercredi soir pour s\u00e9curiser les zones touch\u00e9es, particuli\u00e8rement dans les espaces verts.<\/p>\n<p>Pas de date de r\u00e9ouverture<\/p>\n<p class=\"paragraph text_align_left lp-f-body-02\">Evacuation des arbres tomb\u00e9s, tron\u00e7onnage, expertise minutieuse de chaque arbre encore debout pour s\u2019assurer de sa stabilit\u00e9\u2026 Les \u00e9quipes municipales, renforc\u00e9es par des entreprises sp\u00e9cialis\u00e9es, effectuent un travail d\u2019ampleur qui prendra plusieurs jours.<\/p>\n<p class=\"paragraph text_align_left lp-f-body-02\">La municipalit\u00e9 n\u2019a pas avanc\u00e9 de date pr\u00e9cise quant \u00e0 la r\u00e9ouverture de l\u2019ensemble de ces espaces verts. En attendant, les Parisiens sont invit\u00e9s \u00e0 faire preuve de prudence et \u00e0 \u00e9viter les zones bois\u00e9es tant que les parcs ne sont pas rouverts.<\/p>\n<p class=\"paragraph text_align_left lp-f-body-02\">Les amoureux de la nature devront se rabattre sur les espaces verts \u00e9pargn\u00e9s par la temp\u00eate, ou trouver refuge le long des quais de Seine. Certains squares de quartier, moins touch\u00e9s, restent accessibles, mais leur capacit\u00e9 d\u2019accueil limit\u00e9e risque d\u2019\u00eatre rapidement atteinte.<\/p>\n","protected":false},"excerpt":{"rendered":"\u00c0 Paris, le mercure affiche d\u00e9j\u00e0 20 degr\u00e9s en ce vendredi matin, mais les grilles de certains parcs&hellip;\n","protected":false},"author":2,"featured_media":208361,"comment_status":"","ping_status":"","sticky":false,"template":"","format":"standard","meta":{"footnotes":""},"categories":[1888],"tags":[1111,1928,11,1927,1777,674,1011,27,1944,12,1926,626,1925,25],"class_list":{"0":"post-208360","1":"post","2":"type-post","3":"status-publish","4":"format-standard","5":"has-post-thumbnail","7":"category-paris","8":"tag-actu","9":"tag-actu-paris","10":"tag-actualites","11":"tag-actualites-paris","12":"tag-eu","13":"tag-europe","14":"tag-fr","15":"tag-france","16":"tag-ma-ville","17":"tag-news","18":"tag-news-paris","19":"tag-paris","20":"tag-paris-news","21":"tag-republique-francaise"},"share_on_mastodon":{"url":"https:\/\/pubeurope.com\/@fr\/114755418466298405","error":""},"_links":{"self":[{"href":"https:\/\/www.europesays.com\/fr\/wp-json\/wp\/v2\/posts\/208360","targetHints":{"allow":["GET"]}}],"collection":[{"href":"https:\/\/www.europesays.com\/fr\/wp-json\/wp\/v2\/posts"}],"about":[{"href":"https:\/\/www.europesays.com\/fr\/wp-json\/wp\/v2\/types\/post"}],"author":[{"embeddable":true,"href":"https:\/\/www.europesays.com\/fr\/wp-json\/wp\/v2\/users\/2"}],"replies":[{"embeddable":true,"href":"https:\/\/www.europesays.com\/fr\/wp-json\/wp\/v2\/comments?post=208360"}],"version-history":[{"count":0,"href":"https:\/\/www.europesays.com\/fr\/wp-json\/wp\/v2\/posts\/208360\/revisions"}],"wp:featuredmedia":[{"embeddable":true,"href":"https:\/\/www.europesays.com\/fr\/wp-json\/wp\/v2\/media\/208361"}],"wp:attachment":[{"href":"https:\/\/www.europesays.com\/fr\/wp-json\/wp\/v2\/media?parent=208360"}],"wp:term":[{"taxonomy":"category","embeddable":true,"href":"https:\/\/www.europesays.com\/fr\/wp-json\/wp\/v2\/categories?post=208360"},{"taxonomy":"post_tag","embeddable":true,"href":"https:\/\/www.europesays.com\/fr\/wp-json\/wp\/v2\/tags?post=208360"}],"curies":[{"name":"wp","href":"https:\/\/api.w.org\/{rel}","templated":true}]}}