{"id":208374,"date":"2025-06-27T12:58:11","date_gmt":"2025-06-27T12:58:11","guid":{"rendered":"https:\/\/www.europesays.com\/fr\/208374\/"},"modified":"2025-06-27T12:58:11","modified_gmt":"2025-06-27T12:58:11","slug":"lallemagne-envisage-une-reforme-de-la-loi-pour-bloquer-la-reprise-russe-de-nord-stream","status":"publish","type":"post","link":"https:\/\/www.europesays.com\/fr\/208374\/","title":{"rendered":"L&rsquo;Allemagne envisage une r\u00e9forme de la loi pour bloquer la reprise russe de Nord Stream"},"content":{"rendered":"<p>L&rsquo;Allemagne envisage de modifier sa loi sur le commerce ext\u00e9rieur afin d&#8217;emp\u00eacher la prise de contr\u00f4le de la soci\u00e9t\u00e9 exploitant les gazoducs Nord Stream 2, selon un document consult\u00e9 vendredi, dans le cadre des efforts de Berlin pour \u00e9viter toute reprise des importations de gaz russe.<\/p>\n<p>Pendant des d\u00e9cennies, l&rsquo;Allemagne s&rsquo;est appuy\u00e9e sur le gaz russe bon march\u00e9, mais depuis le d\u00e9but du conflit en Ukraine, le pays cherche des alternatives.<\/p>\n<p>Le chancelier allemand Friedrich Merz a affirm\u00e9 qu&rsquo;il veillerait \u00e0 ce que Nord Stream 2, autrefois soutenu par l&rsquo;Allemagne, ne soit pas mis en service. Toutefois, l&rsquo;Allemagne ne dispose actuellement d&rsquo;aucun moyen juridique pour emp\u00eacher la vente des actifs, d\u00e9tenus par le g\u00e9ant russe Gazprom.<\/p>\n<p>Le syst\u00e8me de pipelines Nord Stream comprend deux doubles conduites traversant la mer Baltique vers l&rsquo;Allemagne et constituait la principale voie d&rsquo;acheminement du gaz russe vers l&rsquo;Europe, avec une capacit\u00e9 de 110 milliards de m\u00e8tres cubes par an.<\/p>\n<p>La seconde liaison, Nord Stream 2, a \u00e9t\u00e9 achev\u00e9e en 2021. Elle n&rsquo;a jamais \u00e9t\u00e9 mise en service en raison de la d\u00e9t\u00e9rioration des relations entre la Russie et l&rsquo;Occident, et a \u00e9t\u00e9 touch\u00e9e par des explosions inexpliqu\u00e9es en 2022, laissant l&rsquo;une de ses deux lignes intacte.<\/p>\n<p>Bas\u00e9e en Suisse, la soci\u00e9t\u00e9 Nord Stream 2 est soumise \u00e0 une proc\u00e9dure d&rsquo;insolvabilit\u00e9 susceptible de conduire \u00e0 la vente de ses actifs.<\/p>\n<p>En novembre, le Wall Street Journal avait rapport\u00e9 que l&rsquo;investisseur am\u00e9ricain Stephen P. Lynch tentait d&rsquo;acqu\u00e9rir Nord Stream 2, une information d\u00e9mentie par le gouvernement russe.<\/p>\n<p>Dans une r\u00e9ponse parlementaire dat\u00e9e du 24 juin, le minist\u00e8re allemand de l&rsquo;\u00c9conomie a indiqu\u00e9 que le gouvernement discutait d&rsquo;une possible modification de la loi sur le commerce ext\u00e9rieur au cours de cette l\u00e9gislature, celle-ci ne pr\u00e9voyant actuellement aucun contr\u00f4le des investissements en cas de prise de contr\u00f4le.<\/p>\n<p>Le magazine Der Spiegel a \u00e9t\u00e9 le premier \u00e0 r\u00e9v\u00e9ler cette information.<\/p>\n<p>L&rsquo;ancien secr\u00e9taire d&rsquo;\u00c9tat au minist\u00e8re de l&rsquo;\u00c9conomie et d\u00e9put\u00e9 \u00e9cologiste Michael Kellner a estim\u00e9 que le gouvernement devait combler cette lacune.<\/p>\n<p>\u00ab\u00a0Les pipelines en Allemagne ou en Europe ne doivent pas \u00eatre entre les mains de soci\u00e9t\u00e9s russes ou am\u00e9ricaines\u00a0\u00bb, a-t-il d\u00e9clar\u00e9 \u00e0 Reuters.<\/p>\n<p>Gazprom n&rsquo;a pas r\u00e9pondu \u00e0 une demande de commentaire.<br \/>(R\u00e9dig\u00e9 par Riham Alkousaa et Andreas Rinke \u00e0 Berlin ; compl\u00e9ments d&rsquo;information par Vladimir Soldatkin ; \u00e9dition par Ludwig Burger et Barbara Lewis)<\/p>\n","protected":false},"excerpt":{"rendered":"L&rsquo;Allemagne envisage de modifier sa loi sur le commerce ext\u00e9rieur afin d&#8217;emp\u00eacher la prise de contr\u00f4le de la&hellip;\n","protected":false},"author":2,"featured_media":208375,"comment_status":"","ping_status":"","sticky":false,"template":"","format":"standard","meta":{"footnotes":""},"categories":[1587],"tags":[11,672,340,1804,1805,1803,1777,674,1801,12,1802],"class_list":{"0":"post-208374","1":"post","2":"type-post","3":"status-publish","4":"format-standard","5":"has-post-thumbnail","7":"category-allemagne","8":"tag-actualites","9":"tag-allemagne","10":"tag-bourse","11":"tag-bundesrepublik-deutschland","12":"tag-de","13":"tag-deutschland","14":"tag-eu","15":"tag-europe","16":"tag-germany","17":"tag-news","18":"tag-republique-federale-dallemagne"},"share_on_mastodon":{"url":"https:\/\/pubeurope.com\/@fr\/114755450612672684","error":""},"_links":{"self":[{"href":"https:\/\/www.europesays.com\/fr\/wp-json\/wp\/v2\/posts\/208374","targetHints":{"allow":["GET"]}}],"collection":[{"href":"https:\/\/www.europesays.com\/fr\/wp-json\/wp\/v2\/posts"}],"about":[{"href":"https:\/\/www.europesays.com\/fr\/wp-json\/wp\/v2\/types\/post"}],"author":[{"embeddable":true,"href":"https:\/\/www.europesays.com\/fr\/wp-json\/wp\/v2\/users\/2"}],"replies":[{"embeddable":true,"href":"https:\/\/www.europesays.com\/fr\/wp-json\/wp\/v2\/comments?post=208374"}],"version-history":[{"count":0,"href":"https:\/\/www.europesays.com\/fr\/wp-json\/wp\/v2\/posts\/208374\/revisions"}],"wp:featuredmedia":[{"embeddable":true,"href":"https:\/\/www.europesays.com\/fr\/wp-json\/wp\/v2\/media\/208375"}],"wp:attachment":[{"href":"https:\/\/www.europesays.com\/fr\/wp-json\/wp\/v2\/media?parent=208374"}],"wp:term":[{"taxonomy":"category","embeddable":true,"href":"https:\/\/www.europesays.com\/fr\/wp-json\/wp\/v2\/categories?post=208374"},{"taxonomy":"post_tag","embeddable":true,"href":"https:\/\/www.europesays.com\/fr\/wp-json\/wp\/v2\/tags?post=208374"}],"curies":[{"name":"wp","href":"https:\/\/api.w.org\/{rel}","templated":true}]}}