{"id":208386,"date":"2025-06-27T13:06:19","date_gmt":"2025-06-27T13:06:19","guid":{"rendered":"https:\/\/www.europesays.com\/fr\/208386\/"},"modified":"2025-06-27T13:06:19","modified_gmt":"2025-06-27T13:06:19","slug":"les-verites-de-pierre-mignoni-sur-joe-quere-karaba","status":"publish","type":"post","link":"https:\/\/www.europesays.com\/fr\/208386\/","title":{"rendered":"Les v\u00e9rit\u00e9s de Pierre Mignoni sur Joe Quere Karaba"},"content":{"rendered":"<p>Le manager du Rugby Club Toulonnais, Pierre Mignoni s\u2019est confi\u00e9 via Les Causeries de la Rade.<\/p>\n<p>Lors de cet entretien, le technicien Varois a \u00e9voqu\u00e9 un jeune joueur du RCT, \u00e0 savoir le troisi\u00e8me ligne Joe Quere Karaba.<\/p>\n<p>Cette saison, le jeune Toulonnais n\u2019a pas beaucoup jou\u00e9. Et pour cause, il a \u00e9t\u00e9 victime de trois commotions c\u00e9r\u00e9brales.<\/p>\n<p>Forc\u00e9ment, le staff Varois a pris toutes les pr\u00e9cautions n\u00e9cessaires.<\/p>\n<p>Le but ? Pr\u00e9parer Joe Quere Karaba pour le d\u00e9but de la saison 2025 \/ 2026.<\/p>\n<p><strong>Pierre Mignoni s\u2019est confi\u00e9 ci-dessous :<\/strong><\/p>\n<p>\u00ab\u00a0Joe Quere Karaba a fait trois commotions\u2026 Je ne suis pas m\u00e9decin pour juger la gravit\u00e9. Il en a eu trois suite \u00e0 de mauvais gestes techniques et pas de chance. Mais il ne va pas nous faire trois commotions chaque saison. Cependant, il faut prendre cela tr\u00e8s au s\u00e9rieux. On ne peut pas mettre un coup d\u2019\u00e9ponge sur \u00e7a. <\/p>\n<p>On s\u2019est priv\u00e9 de lui sur la fin de la saison avec nous et les Espoirs. Si on le fait, c\u2019est pour bien repartir sur la saison prochaine et ne prendre aucun risque sur sa sant\u00e9. Il va prendre la place de Selevasio Tolofua dans l\u2019effectif. Selevasio est un tr\u00e8s bon joueur, mais des choix forts ont \u00e9t\u00e9 faits. Selevasio a de l\u2019exp\u00e9rience, il est important dans le vestiaire, c\u2019est un super mec qui nous a amen\u00e9 beaucoup de choses. On sait ce que l\u2019on perd. Mais il faut construire.<\/p>\n<p>L\u2019ann\u00e9e du Seven pour Joe Quere Karaba, ce n\u2019\u00e9tait pas une voie de garage. Le but c\u2019\u00e9tait de l\u2019envoyer l\u00e0-bas pour qu\u2019il soit bien meilleur que ce qu\u2019il ne l\u2019\u00e9tait dans les rucks et le duel 1 contre 1. C\u2019est un facteur X. Mais il manque de rigueur car il est jeune. Et le rugby \u00e0 VII, \u00e7a ne pardonne pas. C\u2019est comme la boxe, tu es seul. C\u2019est beaucoup de duels, de un contre un, il y a de l\u2019espace, c\u2019est plus dur \u00e0 d\u00e9fendre, \u00e0 attaquer les rucks\u2026 C\u2019est un sport qui est tr\u00e8s exigeant et tr\u00e8s difficile. Joe avait besoin de cela dans sa formation et son \u00e9volution. Le Seven, tu ne peux pas tricher. C\u2019est tr\u00e8s dur physiquement.\u00a0\u00bb<\/p>\n","protected":false},"excerpt":{"rendered":"Le manager du Rugby Club Toulonnais, Pierre Mignoni s\u2019est confi\u00e9 via Les Causeries de la Rade. Lors de&hellip;\n","protected":false},"author":2,"featured_media":208387,"comment_status":"","ping_status":"","sticky":false,"template":"","format":"standard","meta":{"footnotes":""},"categories":[1416],"tags":[1011,27,479,1468,60],"class_list":{"0":"post-208386","1":"post","2":"type-post","3":"status-publish","4":"format-standard","5":"has-post-thumbnail","7":"category-rugby","8":"tag-fr","9":"tag-france","10":"tag-rugby","11":"tag-rugby-football","12":"tag-sports"},"share_on_mastodon":{"url":"https:\/\/pubeurope.com\/@fr\/114755481329788429","error":""},"_links":{"self":[{"href":"https:\/\/www.europesays.com\/fr\/wp-json\/wp\/v2\/posts\/208386","targetHints":{"allow":["GET"]}}],"collection":[{"href":"https:\/\/www.europesays.com\/fr\/wp-json\/wp\/v2\/posts"}],"about":[{"href":"https:\/\/www.europesays.com\/fr\/wp-json\/wp\/v2\/types\/post"}],"author":[{"embeddable":true,"href":"https:\/\/www.europesays.com\/fr\/wp-json\/wp\/v2\/users\/2"}],"replies":[{"embeddable":true,"href":"https:\/\/www.europesays.com\/fr\/wp-json\/wp\/v2\/comments?post=208386"}],"version-history":[{"count":0,"href":"https:\/\/www.europesays.com\/fr\/wp-json\/wp\/v2\/posts\/208386\/revisions"}],"wp:featuredmedia":[{"embeddable":true,"href":"https:\/\/www.europesays.com\/fr\/wp-json\/wp\/v2\/media\/208387"}],"wp:attachment":[{"href":"https:\/\/www.europesays.com\/fr\/wp-json\/wp\/v2\/media?parent=208386"}],"wp:term":[{"taxonomy":"category","embeddable":true,"href":"https:\/\/www.europesays.com\/fr\/wp-json\/wp\/v2\/categories?post=208386"},{"taxonomy":"post_tag","embeddable":true,"href":"https:\/\/www.europesays.com\/fr\/wp-json\/wp\/v2\/tags?post=208386"}],"curies":[{"name":"wp","href":"https:\/\/api.w.org\/{rel}","templated":true}]}}