{"id":208393,"date":"2025-06-27T13:10:12","date_gmt":"2025-06-27T13:10:12","guid":{"rendered":"https:\/\/www.europesays.com\/fr\/208393\/"},"modified":"2025-06-27T13:10:12","modified_gmt":"2025-06-27T13:10:12","slug":"ma-mere-etait-tres-heureuse-brad-pitt-envisage-de-recruter-trois-pilotes-de-f1-a-hollywood","status":"publish","type":"post","link":"https:\/\/www.europesays.com\/fr\/208393\/","title":{"rendered":"\u00abMa m\u00e8re \u00e9tait tr\u00e8s heureuse\u00bb: Brad Pitt envisage de recruter trois pilotes de F1 \u00e0 Hollywood"},"content":{"rendered":"<p>  \tLors de l\u2019avant-premi\u00e8re du film \u00ab\u00a0F1\u00a0\u00bb, l\u2019acteur Am\u00e9ricain Brad Pitt a confi\u00e9 qu\u2019il verrait bien Pierre Gasly devenir acteur \u00e0 Hollywood. Une r\u00e9v\u00e9lation qui n\u2019a pas laiss\u00e9 indiff\u00e9rent le pilote Alpine et surtout\u2026 sa maman.<\/p>\n<p>&#13;<br \/>\n&#13;<\/p>\n<p>Pour Brad Pitt, \u00e7a ne fait pas de doute\u00a0: Pierre Gasly est fait pour devenir acteur \u00e0 Hollywood. Une reconnaissance qui a fait le bonheur de sa m\u00e8re qui s\u2019est empress\u00e9 de le partager avec sa famille.<\/p>\n<p>Interrog\u00e9 par la cha\u00eene ABC lors de l\u2019avant-premi\u00e8re du film \u00e0 Londres, l\u2019acteur de Fight Club a propos\u00e9 trois pilotes pour une \u00e9ventuelle carri\u00e8re d\u2019acteur\u00a0: L\u2019Espagnol Carlos Sainz pour son assurance, le Fran\u00e7ais Pierre Gasly pour son feeling, et enfin le Britannique Lewis Hamilton pour sa polyvalence.<\/p>\n<p>&#13;<br \/>\n&#13;<\/p>\n<p>&#13;<br \/>\n&#13;<\/p>\n<p>Le film a re\u00e7u des avis globalement positifs notamment de la part de certains pilotes de Formule 1\u00a0: \u00ab\u00a0C\u2019est une opportunit\u00e9 incroyable de plonger dans notre univers. C\u2019est un film hollywoodien, et\u00a0je suis un grand fan de Brad Pitt, qui nous met tous en valeur en tant que pilotes de Formule 1\u00a0\u00bb, avait justement confi\u00e9 Pierre Gasly.<\/p>\n<p>Une m\u00e8re conquise<\/p>\n<p>Le pilote fran\u00e7ais qui a particip\u00e9 avec les autres pilotes au film a partag\u00e9 la r\u00e9action de sa m\u00e8re suite \u00e0 la d\u00e9claration de l\u2019acteur de 61\u00a0ans\u00a0: \u00ab\u00a0\u00c7a a rendu ma m\u00e8re tr\u00e8s heureuse. Elle a directement envoy\u00e9 \u00e7a dans le groupe WhatsApp de la famille\u00a0\u00bb, avant de r\u00e9agir ironiquement \u00e0 une potentielle reconversion\u00a0: \u00ab\u00a0On verra comment notre saison se passe, mais j\u2019esp\u00e8re qu\u2019on marquera encore quelques points en plus, sinon\u00a0vous pourriez plut\u00f4t me voir dans une nouvelle carri\u00e8re\u00a0d\u2019acteur\u00a0\u00bb.<\/p>\n<p>    \u00c0 lire aussi<\/p>\n<p>  <img decoding=\"async\" data-copyright=\"AFP\" class=\"r-img\"  typeof=\"foaf:Image\" src=\"https:\/\/www.europesays.com\/fr\/wp-content\/uploads\/2025\/06\/43988463.jpeg\" alt=\"Verstappen_F1.jpg\"\/><br \/>\n      <a href=\"https:\/\/www.rtl.be\/sport\/tous-les-sports\/f1\/ah-il-est-sorti-la-nouvelle-petite-pique-de-max-verstappen-sur-le-film-de-la-f1\/2025-06-27\/article\/754604\" class=\"r-stories--link\" rel=\"nofollow noopener\" target=\"_blank\">\u00ab\u00a0Ah, il est sorti\u00a0?\u00a0\u00bb\u00a0: la nouvelle petite pique de Max Verstappen sur le film de la F1<\/a><\/p>\n<p>Sachant que le Normand n\u2019est que 14e du classement g\u00e9n\u00e9ral des pilotes cette saison, on n\u2019est pas \u00e0 l\u2019abri de le voir jouer un r\u00f4le sur le grand \u00e9cran. \u00e0 moins qu\u2019il ne se rattrape ce week-end lors de la 11e manche du championnat du monde de F1 en Autriche.<\/p>\n<p>&#13;<br \/>\n&#13;<\/p>\n<p>&#13;<br \/>\n&#13;<\/p>\n<p><a class=\"r-btn r-btn--tag\" href=\"https:\/\/www.rtl.be\/334248\/locations\/hollywood\" title=\"Hollywood\" rel=\"nofollow noopener\" target=\"_blank\">Hollywood<\/a><br \/>\n<a class=\"r-btn r-btn--tag\" href=\"https:\/\/www.rtl.be\/378563\/persons\/pierre-gasly\" title=\"Pierre Gasly\" rel=\"nofollow noopener\" target=\"_blank\">Pierre Gasly<\/a><br \/>\n<a class=\"r-btn r-btn--tag\" href=\"https:\/\/www.rtl.be\/334161\/persons\/brad-pitt\" title=\"Brad Pitt\" rel=\"nofollow noopener\" target=\"_blank\">Brad Pitt<\/a><\/p>\n","protected":false},"excerpt":{"rendered":"Lors de l\u2019avant-premi\u00e8re du film \u00ab\u00a0F1\u00a0\u00bb, l\u2019acteur Am\u00e9ricain Brad Pitt a confi\u00e9 qu\u2019il verrait bien Pierre Gasly devenir&hellip;\n","protected":false},"author":2,"featured_media":208394,"comment_status":"","ping_status":"","sticky":false,"template":"","format":"standard","meta":{"footnotes":""},"categories":[1412],"tags":[29950,1451,1452,1453,1454,1455,1011,27,60],"class_list":{"0":"post-208393","1":"post","2":"type-post","3":"status-publish","4":"format-standard","5":"has-post-thumbnail","7":"category-f1","8":"tag-nodefield_freetags","9":"tag-f1","10":"tag-formula-1","11":"tag-formula1","12":"tag-formule-1","13":"tag-formule1","14":"tag-fr","15":"tag-france","16":"tag-sports"},"share_on_mastodon":{"url":"https:\/\/pubeurope.com\/@fr\/114755497088064290","error":""},"_links":{"self":[{"href":"https:\/\/www.europesays.com\/fr\/wp-json\/wp\/v2\/posts\/208393","targetHints":{"allow":["GET"]}}],"collection":[{"href":"https:\/\/www.europesays.com\/fr\/wp-json\/wp\/v2\/posts"}],"about":[{"href":"https:\/\/www.europesays.com\/fr\/wp-json\/wp\/v2\/types\/post"}],"author":[{"embeddable":true,"href":"https:\/\/www.europesays.com\/fr\/wp-json\/wp\/v2\/users\/2"}],"replies":[{"embeddable":true,"href":"https:\/\/www.europesays.com\/fr\/wp-json\/wp\/v2\/comments?post=208393"}],"version-history":[{"count":0,"href":"https:\/\/www.europesays.com\/fr\/wp-json\/wp\/v2\/posts\/208393\/revisions"}],"wp:featuredmedia":[{"embeddable":true,"href":"https:\/\/www.europesays.com\/fr\/wp-json\/wp\/v2\/media\/208394"}],"wp:attachment":[{"href":"https:\/\/www.europesays.com\/fr\/wp-json\/wp\/v2\/media?parent=208393"}],"wp:term":[{"taxonomy":"category","embeddable":true,"href":"https:\/\/www.europesays.com\/fr\/wp-json\/wp\/v2\/categories?post=208393"},{"taxonomy":"post_tag","embeddable":true,"href":"https:\/\/www.europesays.com\/fr\/wp-json\/wp\/v2\/tags?post=208393"}],"curies":[{"name":"wp","href":"https:\/\/api.w.org\/{rel}","templated":true}]}}