{"id":208398,"date":"2025-06-27T13:13:11","date_gmt":"2025-06-27T13:13:11","guid":{"rendered":"https:\/\/www.europesays.com\/fr\/208398\/"},"modified":"2025-06-27T13:13:11","modified_gmt":"2025-06-27T13:13:11","slug":"adriana-karembeu-victime-dun-saccage-publie-une-photo-impressionnante-de-sa-chambre","status":"publish","type":"post","link":"https:\/\/www.europesays.com\/fr\/208398\/","title":{"rendered":"Adriana Karembeu, victime d\u2019un saccage, publie une photo impressionnante de sa chambre"},"content":{"rendered":"<p>Il y a quelques jours, Adriana Karembeu \u00e9tait <strong>sur un petit nuage<\/strong>. Et pour cause, <a href=\"https:\/\/www.public.fr\/adriana-karembeu-et-marc-lavoine-premiere-photo-de-famille-avec-leurs-enfants\" rel=\"nofollow noopener\" target=\"_blank\">la mannequin de 53 ans<\/a> accompagn\u00e9e de son ch\u00e9ri Marc Lavoine et de leurs enfants respectifs se sont octroy\u00e9s <strong>une pause f\u00e9erique<\/strong>. <a href=\"https:\/\/www.public.fr\/adriana-karembeu-et-marc-lavoine-premiere-photo-de-famille-avec-leurs-enfants\" rel=\"nofollow noopener\" target=\"_blank\">Tous les quatre<\/a> ont ainsi pris la pose <strong>devant le ch\u00e2teau de la belle au bois dormant<\/strong> \u00e0 Disneyland Paris. \u00ab\u00a0Des yeux qui brillent, des fous rires, de la magie dans l\u2019air\u2026 et <strong>des souvenirs qu\u2019on n\u2019est pas pr\u00e8s d\u2019oublier<\/strong>\u00a0\u00bb a-t-elle \u00e9crit en l\u00e9gende d&rsquo;une s\u00e9rie de clich\u00e9s post\u00e9s sur Instagram.<\/p>\n<p>Depuis que <a href=\"https:\/\/www.public.fr\/cest-comme-un-crocodile-adriana-karembeu-inquiete-pour-sa-fille-ce-stratageme-quelle-a-trouve-pour-la-faire-manger\" rel=\"nofollow noopener\" target=\"_blank\">l&rsquo;ex de Christian Karembeu<\/a> a crois\u00e9 la route de <a href=\"https:\/\/www.public.fr\/ca-peut-durer-des-heures-adriana-karembeu-torride-ses-revelations-tres-intimes-sur-marc-lavoine\" rel=\"nofollow noopener\" target=\"_blank\">l&rsquo;interpr\u00e8te de Toi mon amour<\/a>, cette derni\u00e8re semble <strong>plus heureuse que jamais<\/strong>. D&rsquo;ailleurs, le 18\u00a0septembre 2024, leur <strong>premier baiser m\u00e9diatique<\/strong> sur le tapis rouge du th\u00e9\u00e2tre des Champs-\u00c9lys\u00e9es a marqu\u00e9 les esprits tant <a href=\"https:\/\/www.public.fr\/marc-lavoine-et-adriana-karembeu-fous-amoureux-les-surprenants-details-de-leur-routine-intime-devoiles\" rel=\"nofollow noopener\" target=\"_blank\">tous les deux<\/a> se sont embrass\u00e9s avec fougue. Entre eux, cela semble \u00eatre <strong>une \u00e9vidence<\/strong>\u2026 Qui plus est, <a href=\"https:\/\/www.public.fr\/adriana-karembeu-sa-fille-nina-6-ans-se-met-a-la-boxe\" rel=\"nofollow noopener\" target=\"_blank\">la fille de la sublime Slovaque<\/a> semble avoir <strong>adopt\u00e9 son c\u00e9l\u00e8bre beau-p\u00e8re<\/strong>.<\/p>\n<p>Lui aussi semble d&rsquo;ailleurs<strong> extr\u00eamement \u00e9panoui<\/strong>\u00a0: \u00ab\u00a0\u00c0 mon \u00e2ge, ce n&rsquo;est peut-\u00eatre plus la peine, mais <strong>il y a des choses qu&rsquo;on ne contr\u00f4le pas<\/strong>. \u00c7a m&rsquo;est tomb\u00e9 dessus, et c&rsquo;est plut\u00f4t heureux\u00a0\u00bb, d\u00e9clarait <a href=\"https:\/\/www.public.fr\/marc-lavoine-abandonne-adriana-karembeu-cette-chanteuse-avec-laquelle-il-seclate\" rel=\"nofollow noopener\" target=\"_blank\">l&rsquo;artiste de 62 ans<\/a> le 3\u00a0d\u00e9cembre dernier dans l&rsquo;\u00e9mission \u00ab\u00a0En Apart\u00e9\u00a0\u00bb sur Canal +.<\/p>\n<p>Adriana Karembeu ma\u00eetresse d&rsquo;un chien\u2026 qui fait des siennes<\/p>\n<p>Mais <strong>il n&rsquo;y a pas que Marc Lavoine et Nina<\/strong> dans la vie d&rsquo;Adriana Karembeu. En effet, en d\u00e9but d&rsquo;ann\u00e9e, <a href=\"https:\/\/www.google.com\/url?sa=t&amp;source=web&amp;rct=j&amp;opi=89978449&amp;url=https:\/\/vsd.fr\/83156-adriana-karembeu-pose-pour-la-premiere-fois-avec-roman-le-fils-de-son-cheri-marc-lavoine-une-vraie-famille-recomposee-a-disneyland-paris\/&amp;ved=2ahUKEwjs4oizlZGOAxUCTqQEHbzuL6EQFnoECBoQAQ&amp;usg=AOvVaw3trJXvtJPiV-FfuUL9uDmk\" rel=\"nofollow noopener\" target=\"_blank\">la marraine de la Croix-Rouge<\/a> a annonc\u00e9 \u00e0 ses abonn\u00e9s sur Instagram avoir adopt\u00e9 un chien. Sur Instagram, le 18\u00a0janvier dernier, elle a alors d\u00e9voil\u00e9 <strong>l&rsquo;adorable bouille de l&rsquo;animal<\/strong> dont on ignore l&rsquo;\u00e2ge mais qui se pr\u00e9nomme <strong>Louve<\/strong>. Sur ces clich\u00e9s, on a pu ainsi voir <a href=\"https:\/\/www.google.com\/url?sa=t&amp;source=web&amp;rct=j&amp;opi=89978449&amp;url=https:\/\/vsd.fr\/82910-adriana-karembeu-a-t-elle-toujours-les-yeux-revolver-nouvelle-mise-au-point-sur-sa-romance-avec-marc-lavoine\/&amp;ved=2ahUKEwjs4oizlZGOAxUCTqQEHbzuL6EQFnoECBQQAQ&amp;usg=AOvVaw1l2MbEjIAnkSXuUOYFXdMF\" rel=\"nofollow noopener\" target=\"_blank\">l&rsquo;ex candidate de \u00ab\u00a0Dance avec les stars\u00a0\u00bb <\/a> c\u00e2liner ce jeune husky aux yeux bleus per\u00e7ants. Un <strong>nouveau membre dans la famille Karembeu<\/strong>, une boule d&rsquo;amour qui semble les combler de bonheur.<\/p>\n<p>Du moins\u2026 <strong>quand l&rsquo;animal est sage<\/strong> car celui-ci semble avoir de la suite dans les id\u00e9es. Preuve en est <strong>ce clich\u00e9 d\u00e9voil\u00e9 par Adriana <\/strong>ce 27\u00a0juin. <a href=\"https:\/\/www.google.com\/url?sa=t&amp;source=web&amp;rct=j&amp;opi=89978449&amp;url=https:\/\/vsd.fr\/82693-adriana-karembeu-la-muse-de-marc-lavoine-a-decide-de-changer-de-tete\/&amp;ved=2ahUKEwjs4oizlZGOAxUCTqQEHbzuL6EQFnoECCIQAQ&amp;usg=AOvVaw3GQkA7mvr9_YhliD-S_YlI\" rel=\"nofollow noopener\" target=\"_blank\">L&rsquo;ex top mode<\/a>l a pris en photo <strong>son lit dans sa chambre<\/strong>. Pour ses draps, elle a opt\u00e9 pour une jolie parure blanche mais c&rsquo;\u00e9tait sans compter sur <strong>Louve qui a revisit\u00e9 les lieux<\/strong>. En effet, sur ce clich\u00e9, on peut voir le chien allong\u00e9 sur le lit. Il est alors<strong> entour\u00e9 de tongs, de crocs, de lunettes <\/strong>et m\u00eame d&rsquo;une brosse \u00e0 cheveux. Des objets avec lesquels il semble s&rsquo;\u00eatre bien amus\u00e9. En guise de commentaire, Adriana a publi\u00e9 un seul mot, en anglais\u00a0: \u00ab\u00a0<strong>Naughty<\/strong>\u00a0\u00bb\u00a0; autrement dit \u00ab\u00a0<strong>Vilaine<\/strong>\u00ab\u00a0. <\/p>\n<p><img loading=\"lazy\" decoding=\"async\" width=\"421\" height=\"761\" src=\"data:image\/svg+xml,%3Csvg%20xmlns=\" http:=\"\" alt=\"Adriana Karembeu, victime d\u2019un saccage, publie une photo impressionnante de sa chambre\" data-lazy- data-lazy- data-lazy-src=\"https:\/\/www.europesays.com\/fr\/wp-content\/uploads\/2025\/06\/Capture-decran-2025-06-27-095309.png\"\/><\/p>\n<p>Capture Instagram Adriana Karembeu<\/p>\n<p>      Mentionn\u00e9s dans cet article<\/p>\n<p>\u00c0 lire aussi<\/p>\n","protected":false},"excerpt":{"rendered":"Il y a quelques jours, Adriana Karembeu \u00e9tait sur un petit nuage. Et pour cause, la mannequin de&hellip;\n","protected":false},"author":2,"featured_media":208399,"comment_status":"","ping_status":"","sticky":false,"template":"","format":"standard","meta":{"footnotes":""},"categories":[1359],"tags":[6382,17709,20460,4850,58,59,195,1011,27,7593,5875,197,973],"class_list":{"0":"post-208398","1":"post","2":"type-post","3":"status-publish","4":"format-standard","5":"has-post-thumbnail","7":"category-people","8":"tag-adriana-karembeu","9":"tag-animal-de-compagnie","10":"tag-bien-etre-animal","11":"tag-chien","12":"tag-divertissement","13":"tag-entertainment","14":"tag-fille","15":"tag-fr","16":"tag-france","17":"tag-marc-lavoine","18":"tag-mere","19":"tag-mere-et-fille","20":"tag-people"},"share_on_mastodon":{"url":"https:\/\/pubeurope.com\/@fr\/114755508887612445","error":""},"_links":{"self":[{"href":"https:\/\/www.europesays.com\/fr\/wp-json\/wp\/v2\/posts\/208398","targetHints":{"allow":["GET"]}}],"collection":[{"href":"https:\/\/www.europesays.com\/fr\/wp-json\/wp\/v2\/posts"}],"about":[{"href":"https:\/\/www.europesays.com\/fr\/wp-json\/wp\/v2\/types\/post"}],"author":[{"embeddable":true,"href":"https:\/\/www.europesays.com\/fr\/wp-json\/wp\/v2\/users\/2"}],"replies":[{"embeddable":true,"href":"https:\/\/www.europesays.com\/fr\/wp-json\/wp\/v2\/comments?post=208398"}],"version-history":[{"count":0,"href":"https:\/\/www.europesays.com\/fr\/wp-json\/wp\/v2\/posts\/208398\/revisions"}],"wp:featuredmedia":[{"embeddable":true,"href":"https:\/\/www.europesays.com\/fr\/wp-json\/wp\/v2\/media\/208399"}],"wp:attachment":[{"href":"https:\/\/www.europesays.com\/fr\/wp-json\/wp\/v2\/media?parent=208398"}],"wp:term":[{"taxonomy":"category","embeddable":true,"href":"https:\/\/www.europesays.com\/fr\/wp-json\/wp\/v2\/categories?post=208398"},{"taxonomy":"post_tag","embeddable":true,"href":"https:\/\/www.europesays.com\/fr\/wp-json\/wp\/v2\/tags?post=208398"}],"curies":[{"name":"wp","href":"https:\/\/api.w.org\/{rel}","templated":true}]}}