{"id":208400,"date":"2025-06-27T13:14:11","date_gmt":"2025-06-27T13:14:11","guid":{"rendered":"https:\/\/www.europesays.com\/fr\/208400\/"},"modified":"2025-06-27T13:14:11","modified_gmt":"2025-06-27T13:14:11","slug":"a-thiers-un-centre-dart-contemporain-redonne-vie-aux-usines-abandonnees-actualites","status":"publish","type":"post","link":"https:\/\/www.europesays.com\/fr\/208400\/","title":{"rendered":"A Thiers, un centre d&rsquo;art contemporain redonne vie aux usines abandonn\u00e9es : Actualit\u00e9s"},"content":{"rendered":"<p class=\"lead \">Sinistr\u00e9e apr\u00e8s le d\u00e9part des couteliers, la vall\u00e9e des usines \u00e0 Thiers, dans le Puy-de-D\u00f4me, abrite depuis 40 ans un atypique centre d&rsquo;art contemporain o\u00f9 dialoguent artistes et artisans, trait d&rsquo;union entre le pass\u00e9 industriel de la ville et sa renaissance.<\/p>\n<p class=\"lead \">Le Creux de l&rsquo;Enfer, qui va rouvrir ses portes apr\u00e8s d&rsquo;importants travaux, est install\u00e9 dans deux b\u00e2timents du XIXe si\u00e8cle: l&rsquo;usine qui lui a donn\u00e9 son nom, avec ses grandes baies vitr\u00e9es, et l&rsquo;usine du May, orn\u00e9e de briques rouges et de pierres de Volvic.<\/p>\n<p class=\"lead \">\u00ab\u00a0L&rsquo;originalit\u00e9 du site, la lumi\u00e8re, le bruit de la Durolle, l&rsquo;usine, toute cette m\u00e9moire passionne les artistes\u00a0\u00bb, souligne Vincent Speller, architecte du projet, d\u00e9j\u00e0 \u00e0 l\u2019\u0153uvre lors de la transformation du b\u00e2timent en 1987. <\/p>\n<p class=\"lead \">La rivi\u00e8re La Durolle, qui coule dans ces gorges sombres et encaiss\u00e9es, a longtemps aliment\u00e9 une intense activit\u00e9 industrielle, dont les premi\u00e8res traces remontent au Moyen-Age: tanneries, papeteries, scieries puis coutelleries ont profit\u00e9 de la force hydraulique.<\/p>\n<p class=\"lead \">L&rsquo;arriv\u00e9e de l&rsquo;\u00e9lectricit\u00e9 a permis aux usines de se passer de l&rsquo;eau et les couteliers ont abandonn\u00e9 la vall\u00e9e pour la plaine. Certains ont ferm\u00e9 d\u00e9finitivement au tournant des ann\u00e9es 80, touch\u00e9s de plein fouet par la r\u00e9cession \u00e9conomique et la concurrence asiatique.<\/p>\n<p class=\"lead \">D\u00e9sormais, des b\u00e2timents fant\u00f4mes hantent le site, t\u00e9moins de l&rsquo;histoire industrielle et architecturale des lieux. Mais 10.000 visiteurs s&rsquo;y rendent chaque ann\u00e9e pour voir les \u0153uvres expos\u00e9es au Creux de l&rsquo;enfer.<\/p>\n<p class=\"lead \">&#8211; \u00ab\u00a0Avec fracas\u00a0\u00bb &#8211;<\/p>\n<p class=\"lead \">Ga\u00eblle Chotard, sculptrice et dessinatrice de 52 ans qui a expos\u00e9 jusqu&rsquo;en mai, a travaill\u00e9 plusieurs jours avec le coutelier Geoffroy Gautier \u00e0 la restauration d&rsquo;anciennes faucilles. Elle les a ensuite utilis\u00e9es dans son exposition, en les plantant dans le mur, comme autant de \u00ab\u00a0coups de pinceaux dans l&rsquo;espace\u00a0\u00bb.<\/p>\n<p class=\"lead \">\u00ab\u00a0Je n&rsquo;aurais jamais eu l&rsquo;id\u00e9e de ces faucilles si je n&rsquo;\u00e9tais pas venue \u00e0 Thiers\u00a0\u00bb, explique l&rsquo;artiste qui vit en r\u00e9gion parisienne. \u00ab\u00a0Cette exp\u00e9rience m&rsquo;a marqu\u00e9e, de m\u00eame que l&rsquo;histoire des lieux, cette rivi\u00e8re qui arrive avec fracas dans la vall\u00e9e, ce paysage en rapport avec la fa\u00e7on dont on travaille le m\u00e9tal.\u00a0\u00bb<\/p>\n<p class=\"lead \">Apr\u00e8s avoir rencontr\u00e9 plusieurs couteliers, elle a puis\u00e9 son inspiration dans cette \u00ab\u00a0activit\u00e9 reprise par des gens assez jeunes, contrairement \u00e0 ce que l&rsquo;on peut imaginer\u00a0\u00bb, se disant \u00ab\u00a0fascin\u00e9e par ce qu&rsquo;on peut faire du m\u00e9tal, le fait de le forger, le souder, le marteler\u00a0\u00bb.<\/p>\n<p class=\"lead \">Au Creux de l&rsquo;Enfer, ce dialogue est permanent. \u00ab\u00a0Acteurs \u00e9conomiques, habitants, scolaires: nous travaillons en impr\u00e9gnation avec notre \u00e9cosyst\u00e8me et c&rsquo;est l&rsquo;essentiel pour que nos lieux puissent avoir une p\u00e9rennit\u00e9\u00a0\u00bb, analyse la directrice Sophie Auger-Grappin.<\/p>\n<p class=\"lead \">\u00ab\u00a0C&rsquo;est un centre d&rsquo;art contemporain qui s&rsquo;est beaucoup appuy\u00e9 sur le bassin et particuli\u00e8rement ses savoir-faire techniques, technologiques, industriels, artisanaux\u00a0\u00bb, souligne aussi le maire St\u00e9phane Rodier.<\/p>\n<p class=\"lead \">&#8211; \u00ab\u00a0En rebond\u00a0\u00bb &#8211;<\/p>\n<p class=\"lead \">C&rsquo;est en 1986 que la mairie de Thiers acquiert l&rsquo;usine du Creux de l&rsquo;Enfer et, sous l&rsquo;impulsion du maire socialiste de l&rsquo;\u00e9poque Maurice Adeva-Poeuf, y installe un centre d&rsquo;art contemporain.<\/p>\n<p class=\"lead \">A l&rsquo;arriv\u00e9e de l&rsquo;actuelle directrice en 2019, un diagnostic du b\u00e2timent rel\u00e8ve sa v\u00e9tust\u00e9, son usure avanc\u00e9e et une isolation thermique insuffisante. La ville engage alors la restauration compl\u00e8te du site. Co\u00fbt des travaux: 2,3 millions d&rsquo;euros, financ\u00e9s \u00e0 55% par la Ville mais aussi par l&rsquo;\u00c9tat et la R\u00e9gion.<\/p>\n<p class=\"lead \">Avec sa nouvelle peau, le centre d&rsquo;art est le \u00ab\u00a0reflet d&rsquo;une ville qui est plut\u00f4t en rebond avec une industrie qui est repartie de l&rsquo;avant sur notre territoire\u00a0\u00bb, estime le maire, citant l&rsquo;arriv\u00e9e prochaine du joaillier Van Cleef &amp; Arpels avec plusieurs centaines d&#8217;emplois \u00e0 la cl\u00e9.<\/p>\n<p class=\"lead \">Signe de ce fr\u00e9missement ? Des couteliers r\u00e9investissent la vall\u00e9e. La ville, qui compte 12.000 habitants, attire de nouveaux venus apr\u00e8s avoir connu un fort d\u00e9clin d\u00e9mographique.<\/p>\n<p class=\"lead \">Les locaux flambant neuf doivent \u00eatre inaugur\u00e9s vendredi avec une exposition collective \u00ab\u00a0in vivo\u00a0\u00bb qui entend justement \u00ab\u00a0raviver l&rsquo;\u00e2me des lieux\u00a0\u00bb.<\/p>\n<p class=\"small font-weight-bold text-gray3 \"> publi\u00e9 le 27 juin \u00e0 13h35, AFP<\/p>\n<p>                             Partager<\/p>\n","protected":false},"excerpt":{"rendered":"Sinistr\u00e9e apr\u00e8s le d\u00e9part des couteliers, la vall\u00e9e des usines \u00e0 Thiers, dans le Puy-de-D\u00f4me, abrite depuis 40&hellip;\n","protected":false},"author":2,"featured_media":208401,"comment_status":"","ping_status":"","sticky":false,"template":"","format":"standard","meta":{"footnotes":""},"categories":[1358],"tags":[3734,1348,1384,1385,4725,4160,251,1386,58,59,313,1011,27,693,10241],"class_list":{"0":"post-208400","1":"post","2":"type-post","3":"status-publish","4":"format-standard","5":"has-post-thumbnail","7":"category-arts-et-design","8":"tag-art","9":"tag-arts","10":"tag-arts-and-design","11":"tag-arts-et-design","12":"tag-collectivits","13":"tag-contemporain","14":"tag-culture","15":"tag-design","16":"tag-divertissement","17":"tag-entertainment","18":"tag-entreprises","19":"tag-fr","20":"tag-france","21":"tag-industrie","22":"tag-muse"},"share_on_mastodon":{"url":"https:\/\/pubeurope.com\/@fr\/114755512800577197","error":""},"_links":{"self":[{"href":"https:\/\/www.europesays.com\/fr\/wp-json\/wp\/v2\/posts\/208400","targetHints":{"allow":["GET"]}}],"collection":[{"href":"https:\/\/www.europesays.com\/fr\/wp-json\/wp\/v2\/posts"}],"about":[{"href":"https:\/\/www.europesays.com\/fr\/wp-json\/wp\/v2\/types\/post"}],"author":[{"embeddable":true,"href":"https:\/\/www.europesays.com\/fr\/wp-json\/wp\/v2\/users\/2"}],"replies":[{"embeddable":true,"href":"https:\/\/www.europesays.com\/fr\/wp-json\/wp\/v2\/comments?post=208400"}],"version-history":[{"count":0,"href":"https:\/\/www.europesays.com\/fr\/wp-json\/wp\/v2\/posts\/208400\/revisions"}],"wp:featuredmedia":[{"embeddable":true,"href":"https:\/\/www.europesays.com\/fr\/wp-json\/wp\/v2\/media\/208401"}],"wp:attachment":[{"href":"https:\/\/www.europesays.com\/fr\/wp-json\/wp\/v2\/media?parent=208400"}],"wp:term":[{"taxonomy":"category","embeddable":true,"href":"https:\/\/www.europesays.com\/fr\/wp-json\/wp\/v2\/categories?post=208400"},{"taxonomy":"post_tag","embeddable":true,"href":"https:\/\/www.europesays.com\/fr\/wp-json\/wp\/v2\/tags?post=208400"}],"curies":[{"name":"wp","href":"https:\/\/api.w.org\/{rel}","templated":true}]}}