{"id":208402,"date":"2025-06-27T13:15:11","date_gmt":"2025-06-27T13:15:11","guid":{"rendered":"https:\/\/www.europesays.com\/fr\/208402\/"},"modified":"2025-06-27T13:15:11","modified_gmt":"2025-06-27T13:15:11","slug":"lart-de-bretecher-un-livre-somme-pour-celebrer-une-artiste-revolutionnaire","status":"publish","type":"post","link":"https:\/\/www.europesays.com\/fr\/208402\/","title":{"rendered":"\u201cL\u2019Art de Bret\u00e9cher\u201d, un livre-somme pour c\u00e9l\u00e9brer une artiste r\u00e9volutionnaire"},"content":{"rendered":"<p>Cette belle monographie permet la visite transversale de l\u2019\u0153uvre majeure de Claire Bret\u00e9cher, morte en 2020 mais toujours actuelle.<\/p>\n<p>Feuilleter ce beau livre, c\u2019est s\u2019exposer parfois \u00e0 une interrogation irrationnelle\u00a0: y a-t-il eu plusieurs Bret\u00e9cher\u00a0? La Fran\u00e7aise aurait pu se contenter de rester la dessinatrice pour la jeunesse qu\u2019elle fut \u00e0 la fin des ann\u00e9es 1960, celle qui r\u00e9alisait en couleurs directes une double page sur la mode \u00e0 la plage. Bret\u00e9cher aurait pu, aussi, n\u2019\u00eatre que cette peintre portraitiste au style original qu\u2019on d\u00e9couvre \u00e0 la fin de ce volume. Mais cette grande autrice a \u00e9t\u00e9 les artistes qui pr\u00e9c\u00e8dent, ainsi que d\u2019autres\u00a0: une dessinatrice humoristique, une sociologue graphique\u2026<\/p>\n<p>Pendant d\u2019une riche exposition donn\u00e9e au mus\u00e9e de la BD d\u2019Angoul\u00eame, cette monographie suit logiquement un fil chronologique et l\u2019\u00e9volution aussi bien technique qu\u2019intellectuelle de son sujet. Gr\u00e2ce \u00e0 la reproduction de quantit\u00e9\u00a0de planches originales \u2013 parfois construites avec des bouts de scotch, comme des puzzles dont une pi\u00e8ce viendrait \u00e0 manquer \u2013, on a dans les mains une autobiographie d\u00e9guis\u00e9e de l\u2019ind\u00e9passable Bret\u00e9cher. Dans certaines planches publi\u00e9es dans le magazine Pilote, elle aborde avec un humour d\u00e9j\u00e0 coupant des sujets comme le stylisme ou le f\u00e9minisme, auxquels ses coll\u00e8gues m\u00e2les n\u2019osent s\u2019attaquer.<\/p>\n<p>En fondant en 1972 L\u2019\u00c9cho des savanes (avec Gotlib et Mandryka), sur le mod\u00e8le des comics underground am\u00e9ricains, elle est \u00e0 l\u2019initiative d\u2019une r\u00e9volution dont t\u00e9moignent ici les pages des Aventures de Doudou Daffodil et sa sc\u00e8ne de violence sexuelle. Et, bien s\u00fbr, il y a le chef-d\u2019\u0153uvre satirique\u00a0Les Frustr\u00e9s, perfection de mise en sc\u00e8ne et d\u2019observation qui raconte l\u2019\u00e9poque qui l\u2019a vu na\u00eetre \u2013 de 1973 \u00e0 1981 \u2013, mais aussi la n\u00f4tre.<\/p>\n<p>Une planche titr\u00e9e Salle commune parle avec une \u00e9conomie de moyens folle\u00a0\u2013 douze cases repr\u00e9sentant un couple au lit \u2013 de l\u2019ego et des probl\u00e8mes de communication. Sur l\u2019air de \u201ccomment tu peux supporter quelqu\u2019un d\u2019aussi malade que moi\u201d, un homme monologue sur ses pseudo-malheurs, inconscient des mimiques moqueuses de la femme \u00e0 c\u00f4t\u00e9 de lui. Tout ici est juste et vif, exactement ce que Bret\u00e9cher cherchait \u2013 les nombreux brouillons pr\u00e9sents ici le prouvent.<\/p>\n<p><strong>L\u2019Art de Bret\u00e9cher (Dargaud), 256 p., 50 <\/strong>\u20ac<strong>. En librairie.<\/strong><\/p>\n","protected":false},"excerpt":{"rendered":"Cette belle monographie permet la visite transversale de l\u2019\u0153uvre majeure de Claire Bret\u00e9cher, morte en 2020 mais toujours&hellip;\n","protected":false},"author":2,"featured_media":208403,"comment_status":"","ping_status":"","sticky":false,"template":"","format":"standard","meta":{"footnotes":""},"categories":[1357],"tags":[1379,8716,58,59,1011,27,1380],"class_list":{"0":"post-208402","1":"post","2":"type-post","3":"status-publish","4":"format-standard","5":"has-post-thumbnail","7":"category-livres","8":"tag-books","9":"tag-cafeyn","10":"tag-divertissement","11":"tag-entertainment","12":"tag-fr","13":"tag-france","14":"tag-livres"},"share_on_mastodon":{"url":"https:\/\/pubeurope.com\/@fr\/114755516823753965","error":""},"_links":{"self":[{"href":"https:\/\/www.europesays.com\/fr\/wp-json\/wp\/v2\/posts\/208402","targetHints":{"allow":["GET"]}}],"collection":[{"href":"https:\/\/www.europesays.com\/fr\/wp-json\/wp\/v2\/posts"}],"about":[{"href":"https:\/\/www.europesays.com\/fr\/wp-json\/wp\/v2\/types\/post"}],"author":[{"embeddable":true,"href":"https:\/\/www.europesays.com\/fr\/wp-json\/wp\/v2\/users\/2"}],"replies":[{"embeddable":true,"href":"https:\/\/www.europesays.com\/fr\/wp-json\/wp\/v2\/comments?post=208402"}],"version-history":[{"count":0,"href":"https:\/\/www.europesays.com\/fr\/wp-json\/wp\/v2\/posts\/208402\/revisions"}],"wp:featuredmedia":[{"embeddable":true,"href":"https:\/\/www.europesays.com\/fr\/wp-json\/wp\/v2\/media\/208403"}],"wp:attachment":[{"href":"https:\/\/www.europesays.com\/fr\/wp-json\/wp\/v2\/media?parent=208402"}],"wp:term":[{"taxonomy":"category","embeddable":true,"href":"https:\/\/www.europesays.com\/fr\/wp-json\/wp\/v2\/categories?post=208402"},{"taxonomy":"post_tag","embeddable":true,"href":"https:\/\/www.europesays.com\/fr\/wp-json\/wp\/v2\/tags?post=208402"}],"curies":[{"name":"wp","href":"https:\/\/api.w.org\/{rel}","templated":true}]}}