{"id":208406,"date":"2025-06-27T13:17:10","date_gmt":"2025-06-27T13:17:10","guid":{"rendered":"https:\/\/www.europesays.com\/fr\/208406\/"},"modified":"2025-06-27T13:17:10","modified_gmt":"2025-06-27T13:17:10","slug":"les-fans-de-justin-bieber-entre-admiration-et-incomprehension-le-chanteur-publie-de-mysterieuses-photos-et-adopte-un-nouveau-nom-sur-instagram","status":"publish","type":"post","link":"https:\/\/www.europesays.com\/fr\/208406\/","title":{"rendered":"Les fans de Justin Bieber entre admiration et incompr\u00e9hension\u00a0: le chanteur publie de myst\u00e9rieuses photos et adopte un nouveau nom sur Instagram"},"content":{"rendered":"<p><a href=\"https:\/\/www.parismatch.be\/actualites\/people\/2025\/06\/27\/les-kardashian-orlando-bloom-rania-de-jordanie-defile-de-stars-a-venise-pour-le-mariage-demesure-de-jeff-bezos-et-lauren-sanchez-photos-FGD4AYM2UNCFHE3ZH3KIYQWNOY\/\" target=\"_blank\" rel=\"noopener noreferrer\" class=\"ap-StoryInterstitialLink ap-StoryElement ap-StoryElement--mb js-paywall-target\">Les Kardashian, Orlando Bloom, Rania de Jordanie&#8230; d\u00e9fil\u00e9 de stars \u00e0 Venise pour le mariage d\u00e9mesur\u00e9 de Jeff Bezos et Lauren Sanchez (photos)<\/a>Pr\u00e8s de 30 publications en une journ\u00e9e<\/p>\n<p class=\"ap-StoryElement ap-StoryElement--mb ap-StoryText\">Il y a quelques semaines, Justin Bieber avait d\u00e9j\u00e0 suscit\u00e9 la col\u00e8re de ses fans en postant un \u00e9nigmatique message, sous forme de post Instagram. Mais ce jeudi, le chanteur est all\u00e9 bien plus loin, en postant pas moins de 26 publications en une seule journ\u00e9e. P\u00eale-m\u00eale, on retrouve dans son feed des photos en noir et blanc de lui et son fils (toujours cach\u00e9), des images de coques de t\u00e9l\u00e9phone fluorescentes, une balle de golf et bien d&rsquo;autres clich\u00e9s dont il est difficile de comprendre le sens.<\/p>\n<p><a href=\"https:\/\/www.parismatch.be\/actualites\/people\/2025\/06\/11\/jai-ecoute-les-idiots-justin-bieber-repond-aux-doutes-sur-son-etat-de-sante-sa-femme-hailey-sen-mele-SJX4GHF4YVEWLM76NVXBCWX5LA\/\" target=\"_blank\" rel=\"noopener noreferrer\" class=\"ap-StoryInterstitialLink ap-StoryElement ap-StoryElement--mb\">\u00ab\u00a0J&rsquo;ai \u00e9cout\u00e9 les idiots\u00a0\u00bb : Justin Bieber r\u00e9pond aux doutes sur son \u00e9tat de sant\u00e9, sa femme Hailey s&rsquo;en m\u00eale<\/a><\/p>\n<p class=\"ap-StoryElement ap-StoryElement--mb ap-StoryText\">Mais ce n&rsquo;est pas tout. Le nom d&rsquo;utilisateur de Justin Bieber a \u00e9galement \u00e9t\u00e9 modifi\u00e9, pour devenir @lilbieber. Une transformation qui a rapidement \u00e9t\u00e9 remarqu\u00e9e par ses fans. Dans les commentaires, plusieurs d&rsquo;entre eux ont interrog\u00e9 le chanteur quant \u00e0 sa motivation. D&rsquo;autres ont point\u00e9 le fait que Justin n&rsquo;avait rien d&rsquo;un \u00ab\u00a0lil\u00a0\u00bb (petit) Bieber, vu son statut.<\/p>\n<p><a href=\"https:\/\/www.parismatch.be\/actualites\/people\/2025\/05\/16\/proces-de-p-diddy-lentourage-de-justin-bieber-sexprime-pour-la-premiere-fois-PDETZKIE2FBARNMYCTWZ76X2Y4\/\" target=\"_blank\" rel=\"noopener noreferrer\" class=\"ap-StoryInterstitialLink ap-StoryElement ap-StoryElement--mb\">Proc\u00e8s de P. Diddy : l&rsquo;entourage de Justin Bieber s&rsquo;exprime pour la premi\u00e8re fois<\/a>Une \u00e9tonnante promotion pour sa marque ?<\/p>\n<p class=\"ap-StoryElement ap-StoryElement--mb ap-StoryText\">Parmi les posts du chanteur, on remarque \u00e0 plusieurs reprises un myst\u00e9rieux logo, form\u00e9 de deux rectangles. Il s&rsquo;agit de celui de Skylrk, la marque streetwear du chanteur, en d\u00e9veloppement depuis plusieurs ann\u00e9es. D&rsquo;apr\u00e8s GQ, Justin Bieber a \u00e9t\u00e9 aper\u00e7u \u00e0 plusieurs reprises portant des pi\u00e8ces de sa propre collection, qui n&rsquo;a toutefois pas \u00e9t\u00e9 commercialis\u00e9e. S&rsquo;agit-il l\u00e0 d&rsquo;une forme de promotion via Instagram, pour annoncer un futur lancement ? Si tel est le cas, le message n&rsquo;est pas tr\u00e8s clair.<\/p>\n","protected":false},"excerpt":{"rendered":"Les Kardashian, Orlando Bloom, Rania de Jordanie&#8230; d\u00e9fil\u00e9 de stars \u00e0 Venise pour le mariage d\u00e9mesur\u00e9 de Jeff&hellip;\n","protected":false},"author":2,"featured_media":208407,"comment_status":"","ping_status":"","sticky":false,"template":"","format":"standard","meta":{"footnotes":""},"categories":[1355],"tags":[58,59,1011,27,34742,2440,34743,7317,1361,873,2189,34741,34740],"class_list":{"0":"post-208406","1":"post","2":"type-post","3":"status-publish","4":"format-standard","5":"has-post-thumbnail","7":"category-musique","8":"tag-divertissement","9":"tag-entertainment","10":"tag-fr","11":"tag-france","12":"tag-hailey-bieber","13":"tag-instagram","14":"tag-jack-blues","15":"tag-justin-bieber","16":"tag-music","17":"tag-musique","18":"tag-photos","19":"tag-posts","20":"tag-skylrk"},"share_on_mastodon":{"url":"https:\/\/pubeurope.com\/@fr\/114755524628968690","error":""},"_links":{"self":[{"href":"https:\/\/www.europesays.com\/fr\/wp-json\/wp\/v2\/posts\/208406","targetHints":{"allow":["GET"]}}],"collection":[{"href":"https:\/\/www.europesays.com\/fr\/wp-json\/wp\/v2\/posts"}],"about":[{"href":"https:\/\/www.europesays.com\/fr\/wp-json\/wp\/v2\/types\/post"}],"author":[{"embeddable":true,"href":"https:\/\/www.europesays.com\/fr\/wp-json\/wp\/v2\/users\/2"}],"replies":[{"embeddable":true,"href":"https:\/\/www.europesays.com\/fr\/wp-json\/wp\/v2\/comments?post=208406"}],"version-history":[{"count":0,"href":"https:\/\/www.europesays.com\/fr\/wp-json\/wp\/v2\/posts\/208406\/revisions"}],"wp:featuredmedia":[{"embeddable":true,"href":"https:\/\/www.europesays.com\/fr\/wp-json\/wp\/v2\/media\/208407"}],"wp:attachment":[{"href":"https:\/\/www.europesays.com\/fr\/wp-json\/wp\/v2\/media?parent=208406"}],"wp:term":[{"taxonomy":"category","embeddable":true,"href":"https:\/\/www.europesays.com\/fr\/wp-json\/wp\/v2\/categories?post=208406"},{"taxonomy":"post_tag","embeddable":true,"href":"https:\/\/www.europesays.com\/fr\/wp-json\/wp\/v2\/tags?post=208406"}],"curies":[{"name":"wp","href":"https:\/\/api.w.org\/{rel}","templated":true}]}}