{"id":208412,"date":"2025-06-27T13:20:09","date_gmt":"2025-06-27T13:20:09","guid":{"rendered":"https:\/\/www.europesays.com\/fr\/208412\/"},"modified":"2025-06-27T13:20:09","modified_gmt":"2025-06-27T13:20:09","slug":"relegue-en-ligue-2-lyon-quand-meme-ajoute-au-calendrier-de-l1-avec-un-premier-match-prevu-a-lens-2","status":"publish","type":"post","link":"https:\/\/www.europesays.com\/fr\/208412\/","title":{"rendered":"Rel\u00e9gu\u00e9 en Ligue 2, Lyon quand m\u00eame ajout\u00e9 au calendrier de L1 avec un premier match pr\u00e9vu \u00e0 Lens"},"content":{"rendered":"<p>Les supporteurs lyonnais doivent avoir le cerveau en \u00e9bullition depuis l\u2019annonce, mardi soir, de <a href=\"https:\/\/www.20minutes.fr\/sport\/football\/ligue-1\/4160224-20250624-ol-coup-tonnerre-lyon-retrograde-ligue-2-dncg\" target=\"_blank\" class=\"color-ultramarine c-link\" rel=\"noopener\">la rel\u00e9gation de leur club de c\u0153ur en Ligue 2 pour des raisons financi\u00e8res<\/a>. Depuis, <a href=\"https:\/\/www.20minutes.fr\/sport\/football\/ligue-1\/4160280-20250625-ol-textor-dehors-guerre-declaree-supporteurs-reclament-tete-proprietaire-americain\" target=\"_blank\" class=\"color-ultramarine c-link\" rel=\"noopener\">la r\u00e9sistance s\u2019organise, avec des nombreuses banderoles d\u00e9ploy\u00e9es dans la ville<\/a> et un rassemblement pr\u00e9vu samedi (16 heures) pour demander le d\u00e9part du propri\u00e9taire am\u00e9ricain John Textor.<\/p>\n<p>Alors que le club a fait appel de la d\u00e9cision de la DNCG, le gendarme financier du football fran\u00e7ais, voil\u00e0 que l\u2019<a href=\"https:\/\/www.20minutes.fr\/sport\/ol\/\" target=\"_blank\" class=\"color-ultramarine c-link\" rel=\"noopener\">Olympique Lyonnais<\/a> a \u00e9t\u00e9 bien inscrit au calendrier de\u2026 Ligue 1, d\u00e9voil\u00e9 ce vendredi par la Ligue de football professionnel.<\/p>\n<p>Retrouvailles avec Sage\u00a0?<\/p>\n<p>Le week-end du 17\u00a0ao\u00fbt, les co\u00e9quipiers de Corentin Tolisso sont cens\u00e9s se d\u00e9placer au stade Bollaert pour y affronter le RC Lens, o\u00f9 ils retrouveraient un certain <a href=\"https:\/\/www.20minutes.fr\/sport\/football\/ligue-1\/4156618-20250603-rc-lens-habemus-coacham-sang-or-officialisent-joliment-arrivee-pierre-sage-banc\" target=\"_blank\" class=\"color-ultramarine c-link\" rel=\"noopener\">Pierre Sage, arriv\u00e9 en Artois cet \u00e9t\u00e9 apr\u00e8s avoir \u00e9t\u00e9 vir\u00e9 par John Textor<\/a>. Dans un communiqu\u00e9, la LFP pr\u00e9cise que \u00ab\u00a0ce calendrier est \u00e9tabli sous r\u00e9serve des proc\u00e9dures en cours et d\u2019\u00e9ventuels recours\u00a0\u00bb.<\/p>\n<\/p>\n<p>L\u2019OL entend d\u00e9sormais d\u00e9montrer devant la commission d\u2019appel de la DNCG \u00ab\u00a0(sa) capacit\u00e9 \u00e0 apporter les ressources n\u00e9cessaires en mati\u00e8re de tr\u00e9sorerie pour garantir le maintien\u00a0\u00bb en <a href=\"https:\/\/www.20minutes.fr\/sport\/ligue-1\/\" target=\"_blank\" class=\"color-ultramarine c-link\" rel=\"noopener\">Ligue 1<\/a>, a indiqu\u00e9 le club dans un communiqu\u00e9. Sinon, Lyon pourrait bien \u00eatre ajout\u00e9 au dernier moment au calendrier de Ligue 2. La premi\u00e8re journ\u00e9e se dispute le week-end du 9\u00a0ao\u00fbt.<\/p>\n","protected":false},"excerpt":{"rendered":"Les supporteurs lyonnais doivent avoir le cerveau en \u00e9bullition depuis l\u2019annonce, mardi soir, de la rel\u00e9gation de leur&hellip;\n","protected":false},"author":2,"featured_media":208413,"comment_status":"","ping_status":"","sticky":false,"template":"","format":"standard","meta":{"footnotes":""},"categories":[9],"tags":[2430,19747,63,1011,27,12428,66,446,2428,2853,2264,2429,2431,517,60],"class_list":{"0":"post-208412","1":"post","2":"type-post","3":"status-publish","4":"format-standard","5":"has-post-thumbnail","7":"category-sports","8":"tag-auvergne-rhone-alpes","9":"tag-dncg","10":"tag-football","11":"tag-fr","12":"tag-france","13":"tag-john-textor","14":"tag-ligue-1","15":"tag-ligue-2","16":"tag-lyon","17":"tag-olympique-lyonnais-ol","18":"tag-rc-lens","19":"tag-rhone","20":"tag-rhone-alpes","21":"tag-sport","22":"tag-sports"},"share_on_mastodon":{"url":"https:\/\/pubeurope.com\/@fr\/114755536417806405","error":""},"_links":{"self":[{"href":"https:\/\/www.europesays.com\/fr\/wp-json\/wp\/v2\/posts\/208412","targetHints":{"allow":["GET"]}}],"collection":[{"href":"https:\/\/www.europesays.com\/fr\/wp-json\/wp\/v2\/posts"}],"about":[{"href":"https:\/\/www.europesays.com\/fr\/wp-json\/wp\/v2\/types\/post"}],"author":[{"embeddable":true,"href":"https:\/\/www.europesays.com\/fr\/wp-json\/wp\/v2\/users\/2"}],"replies":[{"embeddable":true,"href":"https:\/\/www.europesays.com\/fr\/wp-json\/wp\/v2\/comments?post=208412"}],"version-history":[{"count":0,"href":"https:\/\/www.europesays.com\/fr\/wp-json\/wp\/v2\/posts\/208412\/revisions"}],"wp:featuredmedia":[{"embeddable":true,"href":"https:\/\/www.europesays.com\/fr\/wp-json\/wp\/v2\/media\/208413"}],"wp:attachment":[{"href":"https:\/\/www.europesays.com\/fr\/wp-json\/wp\/v2\/media?parent=208412"}],"wp:term":[{"taxonomy":"category","embeddable":true,"href":"https:\/\/www.europesays.com\/fr\/wp-json\/wp\/v2\/categories?post=208412"},{"taxonomy":"post_tag","embeddable":true,"href":"https:\/\/www.europesays.com\/fr\/wp-json\/wp\/v2\/tags?post=208412"}],"curies":[{"name":"wp","href":"https:\/\/api.w.org\/{rel}","templated":true}]}}