{"id":208416,"date":"2025-06-27T13:22:09","date_gmt":"2025-06-27T13:22:09","guid":{"rendered":"https:\/\/www.europesays.com\/fr\/208416\/"},"modified":"2025-06-27T13:22:09","modified_gmt":"2025-06-27T13:22:09","slug":"pokemon-pocket-la-date-de-sortie-de-lextension-a4-devoilee-par-un-leak-pokemon-pocket","status":"publish","type":"post","link":"https:\/\/www.europesays.com\/fr\/208416\/","title":{"rendered":"Pok\u00e9mon Pocket : La date de sortie de l&rsquo;extension A4 d\u00e9voil\u00e9e par un leak &#8211; Pok\u00e9mon Pocket"},"content":{"rendered":"<p>                                                                                R\u00e9guli\u00e8rement, de nouvelles extensions sont ajout\u00e9es \u00e0 <a rel=\"noopener nofollow\" target=\"_blank\" href=\"https:\/\/gamewave.fr\/pokemon-pocket\/\">Pok\u00e9mon Pocket<\/a>. La derni\u00e8re en date, <a rel=\"noopener nofollow\" target=\"_blank\" href=\"https:\/\/gamewave.fr\/pokemon-pocket\/pokemon-pocket-tout-savoir-sur-l-extension-la-clairiere-d-evoli\/\">La Clairi\u00e8re d&rsquo;\u00c9voli<\/a>, est disponible depuis le 26 juin 2025. Cependant, le jeu de cartes \u00e0 collectionner n&rsquo;est pas \u00e0 l&rsquo;abri des fuites et des leaks. D&rsquo;ailleurs, une fuite partag\u00e9e le 27 juin sur X\/Twitter confirmerait la date de sortie ainsi qu&rsquo;une information majeure sur la s\u00e9rie \u00e0 venir.\u00a0Une date d\u00e9j\u00e0 annonc\u00e9e pour la prochaine sortie majeure dans Pok\u00e9mon Pocket<br \/>\nCentro Leaks, un insider sp\u00e9cialis\u00e9 dans les informations sur Pok\u00e9mon, a r\u00e9v\u00e9l\u00e9 sur son compte X\/Twitter que <strong>la prochaine extension de Pok\u00e9mon Pocket arriverait dans nos smartphones et tablettes le 30 juillet 2025<\/strong>. Si ses sources sont g\u00e9n\u00e9ralement fiables, c&rsquo;est la premi\u00e8re fois que l&rsquo;insider partage une information li\u00e9e \u00e0 Pok\u00e9mon Pocket sur ses r\u00e9seaux. Il est donc difficile \u00e0 l&rsquo;heure actuelle de savoir si cette information est fiable ou non.\u00a0<\/p>\n<blockquote class=\"twitter-tweet\"><p>&#13;<\/p>\n<p dir=\"ltr\" lang=\"en\">The next big Pok\u00e9mon TCG Pocket expansion, A4, will release on July 30th. <a rel=\"noopener nofollow\" target=\"_blank\" href=\"https:\/\/t.co\/eoYwJf64Yi\">pic.twitter.com\/eoYwJf64Yi<\/a><\/p>\n<p>&#13;<br \/>\n\u2014 Centro LEAKS (@CentroLeaks) <a rel=\"noopener nofollow\" target=\"_blank\" href=\"https:\/\/twitter.com\/CentroLeaks\/status\/1938312382801186861?ref_src=twsrc%5Etfw\">June 26, 2025<\/a><\/p><\/blockquote>\n<p>Cependant, les joueurs de Pok\u00e9mon Pocket ont constat\u00e9 qu&rsquo;une nouvelle extension arrivait en jeu chaque fin de mois et cela peut se v\u00e9rifier avec les derni\u00e8res sorties du titre :\u00a0<\/p>\n<ul>&#13;<\/p>\n<li>Le booster \u00e0 th\u00e8me\u00a0<a rel=\"noopener nofollow\" target=\"_blank\" href=\"https:\/\/gamewave.fr\/pokemon-pocket\/pokemon-pocket-tout-savoir-sur-l-extension-crise-interdimensionnelle\/\">Crise interdimensionnelle<\/a> est sorti le 29 mai 2025<\/li>\n<p>&#13;<\/p>\n<li>L&rsquo;extension Gardiens astraux est sortie le 30 avril 2025<\/li>\n<p>&#13;<\/p>\n<li>L&rsquo;extension\u00a0<a rel=\"noopener nofollow\" target=\"_blank\" href=\"https:\/\/gamewave.fr\/pokemon-pocket\/pokemon-pocket-tout-savoir-sur-l-extension-rejouissances-rayonnantes\/\">R\u00e9jouissances rayonnantes<\/a> est sortie le 27 mars 2025<\/li>\n<p>&#13;<\/p>\n<li>Le booster \u00e0 th\u00e8me Lumi\u00e8re triomphale est sorti le 28 f\u00e9vrier 2025&#8230;<\/li>\n<p>&#13;\n<\/ul>\n<p>Proposer de nouveaux paquets \u00e0 ouvrir d\u00e8s le 30 juillet prochain semble donc a<strong>ssez logique au regard de ce calendrier de sortie<\/strong>. Mais le d\u00e9tail qui a le plus marqu\u00e9 les lecteurs est que celle nouvelle extension serait l&rsquo;extension A4.\u00a0Une extension \u00e0 2 boosters ax\u00e9e sur une nouvelle g\u00e9n\u00e9ration de petits monstres ?<br \/>\nDepuis la sortie de Choc Spatio-temporel, Pok\u00e9mon Pocket a pris l&rsquo;habitude de <strong>cr\u00e9er des blocs ax\u00e9s autour d&rsquo;un grand th\u00e8me.<\/strong> Chaque bloc\u00a0comprend la s\u00e9rie principale avec 2 boosters, une deuxi\u00e8me extension avec d&rsquo;autres Pok\u00e9mon de la m\u00eame g\u00e9n\u00e9ration et une extension \u00ab hors-s\u00e9rie \u00bb. Le Bloc A2 ax\u00e9 autour de la quatri\u00e8me g\u00e9n\u00e9ration suivait ce principe avec les extensions Choc Spatio-temporel, Lumi\u00e8re Triomphale et R\u00e9jouissance rayonnantes. Le sch\u00e9ma s&rsquo;est aussi r\u00e9p\u00e9t\u00e9 avec le bloc A3 et les extensions <a rel=\"noopener nofollow\" target=\"_blank\" href=\"https:\/\/gamewave.fr\/pokemon-pocket\/pokemon-pocket-tout-savoir-sur-l-extension-gardiens-astraux\/\">Gardiens astraux<\/a>, Crise interdimensionnelle (A3a) et La Clairi\u00e8re d&rsquo;\u00c9voli (A3b).\u00a0<\/p>\n<p><img decoding=\"async\" data-action=\"zoom\" class=\"lazy\" src=\"\/static\/images\/medias\/upload\/Justine\/Pok%C3%A9mon%20Pocket\/pokemon-pocket-cartes-2.jpg\" alt=\"pokemon-pocket-cartes-2\"\/><br \/>Sans surprise, l&rsquo;extension A4 devrait donc bien sortir \u00e0 la fin du mois de juillet si la date est confirm\u00e9e par The Pok\u00e9mon Company. Il y a \u00e9galement de grandes chances de voir arriver une nouvelle g\u00e9n\u00e9ration de Pok\u00e9mon et une extension divis\u00e9e en 2 boosters th\u00e9matiques. Cependant, <strong>le th\u00e8me de cette s\u00e9rie n&rsquo;est pas encore connue<\/strong>. Il va donc falloir patienter et guetter les prochaines fuites pour d\u00e9couvrir les Pok\u00e9mon \u00e0 l&rsquo;honneur dans ces nouveaux paquets.\n                                                                                    <\/p>\n<p><script async src=\"https:\/\/platform.twitter.com\/widgets.js\" charset=\"utf-8\"><\/script><\/p>\n","protected":false},"excerpt":{"rendered":"R\u00e9guli\u00e8rement, de nouvelles extensions sont ajout\u00e9es \u00e0 Pok\u00e9mon Pocket. La derni\u00e8re en date, La Clairi\u00e8re d&rsquo;\u00c9voli, est disponible&hellip;\n","protected":false},"author":2,"featured_media":208417,"comment_status":"","ping_status":"","sticky":false,"template":"","format":"standard","meta":{"footnotes":""},"categories":[7],"tags":[1011,27,43,40,41,39,42,44],"class_list":{"0":"post-208416","1":"post","2":"type-post","3":"status-publish","4":"format-standard","5":"has-post-thumbnail","7":"category-sciences-et-technologies","8":"tag-fr","9":"tag-france","10":"tag-science","11":"tag-science-and-technology","12":"tag-sciences","13":"tag-sciences-et-technologies","14":"tag-technologies","15":"tag-technology"},"share_on_mastodon":{"url":"https:\/\/pubeurope.com\/@fr\/114755544339683877","error":""},"_links":{"self":[{"href":"https:\/\/www.europesays.com\/fr\/wp-json\/wp\/v2\/posts\/208416","targetHints":{"allow":["GET"]}}],"collection":[{"href":"https:\/\/www.europesays.com\/fr\/wp-json\/wp\/v2\/posts"}],"about":[{"href":"https:\/\/www.europesays.com\/fr\/wp-json\/wp\/v2\/types\/post"}],"author":[{"embeddable":true,"href":"https:\/\/www.europesays.com\/fr\/wp-json\/wp\/v2\/users\/2"}],"replies":[{"embeddable":true,"href":"https:\/\/www.europesays.com\/fr\/wp-json\/wp\/v2\/comments?post=208416"}],"version-history":[{"count":0,"href":"https:\/\/www.europesays.com\/fr\/wp-json\/wp\/v2\/posts\/208416\/revisions"}],"wp:featuredmedia":[{"embeddable":true,"href":"https:\/\/www.europesays.com\/fr\/wp-json\/wp\/v2\/media\/208417"}],"wp:attachment":[{"href":"https:\/\/www.europesays.com\/fr\/wp-json\/wp\/v2\/media?parent=208416"}],"wp:term":[{"taxonomy":"category","embeddable":true,"href":"https:\/\/www.europesays.com\/fr\/wp-json\/wp\/v2\/categories?post=208416"},{"taxonomy":"post_tag","embeddable":true,"href":"https:\/\/www.europesays.com\/fr\/wp-json\/wp\/v2\/tags?post=208416"}],"curies":[{"name":"wp","href":"https:\/\/api.w.org\/{rel}","templated":true}]}}