{"id":208418,"date":"2025-06-27T13:23:12","date_gmt":"2025-06-27T13:23:12","guid":{"rendered":"https:\/\/www.europesays.com\/fr\/208418\/"},"modified":"2025-06-27T13:23:12","modified_gmt":"2025-06-27T13:23:12","slug":"xiaomi-lance-son-suv-electrique-a-30-000-euros-et-vole-la-vedette-au-tesla-model-y","status":"publish","type":"post","link":"https:\/\/www.europesays.com\/fr\/208418\/","title":{"rendered":"Xiaomi lance son SUV \u00e9lectrique \u00e0 30 000 euros et vole la vedette au Tesla Model Y"},"content":{"rendered":"<p>\t\t\t\t\t\t\t\t<a href=\"https:\/\/rouleur-electrique.fr\/actu\/\" class=\"category-button | text-uppercase\" rel=\"nofollow noopener\" target=\"_blank\">Actu voiture \u00e9lectrique<\/a><\/p>\n<p><img data-no-lazy=\"\" width=\"1500\" height=\"1000\" src=\"https:\/\/www.europesays.com\/fr\/wp-content\/uploads\/2025\/06\/Xiaomi-lance-le-YU7-a-35-000-dollars-pour-concurrencer-dire.jpg\" alt=\"Xiaomi lance le YU7 \u00e0 35 000 dollars pour concurrencer dire\" decoding=\"sync\" fetchpriority=\"high\"  \/><\/p>\n<p>Le g\u00e9ant chinois de l\u2019\u00e9lectronique grand public Xiaomi vient d\u2019officialiser le lancement de son SUV \u00e9lectrique YU7, directement positionn\u00e9 face au Tesla Model Y. Avec un prix de base fix\u00e9 \u00e0 <strong>30 200 euros<\/strong> (253 500 yuans), ce nouveau venu se positionne <strong>1 000 euros en dessous<\/strong> du tarif du Model Y sur le march\u00e9 chinois. Une strat\u00e9gie tarifaire agressive qui semble d\u00e9j\u00e0 porter ses fruits, puisque Xiaomi revendique <strong>200 000 r\u00e9servations<\/strong> dans les trois premi\u00e8res minutes d\u2019ouverture des commandes.<\/p>\n<p>Cette offensive s\u2019inscrit dans un contexte de concurrence accrue sur le march\u00e9 chinois des v\u00e9hicules \u00e9lectriques, o\u00f9 Tesla fait face \u00e0 une pression croissante de la part des constructeurs locaux. Le PDG de Xiaomi, Lei Jun, semble avoir relev\u00e9 le d\u00e9fi lanc\u00e9 par Elon Musk avec cette d\u00e9claration : \u201cM\u00eame si nous ne pouvons pas les battre, nous pouvons rivaliser, n\u2019est-ce pas ?\u201d<\/p>\n<p>Un positionnement prix agressif face \u00e0 Tesla<\/p>\n<p>Le YU7 se d\u00e9cline en trois versions distinctes, toutes positionn\u00e9es sous les tarifs du Model Y chinois. La version Standard \u00e0 <strong>30 200 euros<\/strong> constitue le point d\u2019entr\u00e9e de gamme, suivie par la variante Pro \u00e0 <strong>33 000 euros<\/strong> et la Max \u00e0 <strong>39 000 euros<\/strong>. Cette derni\u00e8re reste significativement moins ch\u00e8re que les versions haut de gamme du Model Y, tout en proposant des prestations sup\u00e9rieures.<\/p>\n<p>Pour renforcer l\u2019attractivit\u00e9 de son offre, Xiaomi propose une s\u00e9rie d\u2019\u00e9quipements gratuits sur la version Max, repr\u00e9sentant une valeur ajout\u00e9e consid\u00e9rable. Parmi ces options offertes figurent un <strong>frunk \u00e9lectrique<\/strong> (250 euros), des si\u00e8ges z\u00e9ro gravit\u00e9 conducteur et passager (1 000 euros), du cuir Nappa (900 euros), un filtre \u00e0 air HEPA (120 euros), le logiciel d\u2019aide \u00e0 la conduite de niveau 2 de Xiaomi (<strong>3 000 euros<\/strong>), ainsi que des seuils de porte et des coques de r\u00e9troviseurs en fibre de carbone (1 100 euros).<\/p>\n<p><img loading=\"lazy\" decoding=\"async\" width=\"1280\" height=\"720\" src=\"data:image\/svg+xml,%3Csvg%20xmlns=\" http:=\"\" alt=\"\" class=\"wp-image-32491\" data-lazy- data-lazy- data-lazy-src=\"https:\/\/www.europesays.com\/fr\/wp-content\/uploads\/2025\/06\/Xiaomi-lance-le-YU7-a-35-000-dollars-pour-concurrencer-dire-1.jpg\"\/><\/p>\n<p>Des dimensions g\u00e9n\u00e9reuses et une autonomie impressionnante<\/p>\n<p>Le YU7 affiche des mensurations plus g\u00e9n\u00e9reuses que son rival am\u00e9ricain. Avec ses <strong>4 999 mm de longueur<\/strong>, il d\u00e9passe le Model Y de pr\u00e8s de 25 centim\u00e8tres, tout en \u00e9tant plus large de 76 mm. Cette diff\u00e9rence de gabarit se traduit par un habitacle plus spacieux et une capacit\u00e9 de chargement sup\u00e9rieure.<\/p>\n<tr>Mod\u00e8leEmpattementLongueurLargeurHauteurPoids<\/tr>\n<tr>\n<td>Xiaomi YU7<\/td>\n<td>3 000 mm<\/td>\n<td>4 999 mm<\/td>\n<td>1 996 mm<\/td>\n<td>1 600 mm<\/td>\n<td>2 140 \u2013 2 460 kg<\/td>\n<\/tr>\n<tr>\n<td>Tesla Model Y (2025)<\/td>\n<td>2 891 mm<\/td>\n<td>4 751 mm<\/td>\n<td>1 920 mm<\/td>\n<td>1 624 mm<\/td>\n<td>1 884 \u2013 1 998 kg<\/td>\n<\/tr>\n<p>La diff\u00e9rence de poids entre les deux v\u00e9hicules s\u2019explique principalement par les <strong>batteries de plus grande capacit\u00e9<\/strong> \u00e9quipant le YU7. L\u00e0 o\u00f9 Tesla reste discret sur les sp\u00e9cifications exactes de ses batteries (estim\u00e9es entre 62 et 79 kWh), Xiaomi mise sur la transparence avec des batteries de <strong>96 kWh<\/strong> (cellules LFP de BYD) pour les versions Standard et Pro, et de <strong>101 kWh<\/strong> (cellules NMC de CATL) pour la Max.<\/p>\n<p>Performances et autonomie : les atouts du YU7<\/p>\n<p>Cette g\u00e9n\u00e9rosit\u00e9 en termes de capacit\u00e9 de batterie se traduit par des autonomies particuli\u00e8rement s\u00e9duisantes. La version Standard propulsion atteint <strong>835 km d\u2019autonomie<\/strong> selon le cycle CLTC (les homologations en cycle WLTP ne sont pas encore disponibles donc cela permet de faire la comparaison), tandis que les versions Pro et Max affichent respectivement 770 et 760 km. Ces chiffres surpassent largement ceux du Model Y, dont l\u2019autonomie maximale plafonne \u00e0 719 km en version Long Range AWD.<\/p>\n<ul class=\"wp-block-list\">\n<li>YU7 Standard (propulsion) : <strong>835 km d\u2019autonomie<\/strong><\/li>\n<li>YU7 Pro (transmission int\u00e9grale) : 770 km d\u2019autonomie<\/li>\n<li>YU7 Max (transmission int\u00e9grale) : 760 km d\u2019autonomie<\/li>\n<li>Tesla Model Y RWD : 593 km d\u2019autonomie<\/li>\n<li>Tesla Model Y Long Range AWD : 719 km d\u2019autonomie<\/li>\n<\/ul>\n<p>C\u00f4t\u00e9 performances, le YU7 Max impressionne avec ses <strong>508 kW de puissance cumul\u00e9e<\/strong> et ses <strong>866 Nm de couple<\/strong>, permettant un 0 \u00e0 100 km\/h en seulement <strong>3,3 secondes<\/strong>. La version Pro, plus accessible, d\u00e9veloppe 365 kW et abat le m\u00eame exercice en 4,3 secondes, tandis que la Standard se contente de 235 kW pour un temps de 5,9 secondes.<\/p>\n<p>Une strat\u00e9gie d\u2019expansion internationale en pr\u00e9paration<\/p>\n<p>Xiaomi ne cache pas ses ambitions internationales et pr\u00e9voit de <strong>commencer les exportations d\u00e8s 2027<\/strong>. Si l\u2019entreprise n\u2019a pas encore pr\u00e9cis\u00e9 quels mod\u00e8les seront concern\u00e9s par cette expansion, le succ\u00e8s rencontr\u00e9 par le YU7 en Chine pourrait bien l\u2019encourager \u00e0 proposer ce SUV sur d\u2019autres march\u00e9s. La question du positionnement tarifaire sera alors cruciale : Xiaomi parviendra-t-elle \u00e0 maintenir son avantage prix face \u00e0 Tesla sur les march\u00e9s europ\u00e9en et am\u00e9ricain ?<\/p>\n<p>Les r\u00e9servations massives enregistr\u00e9es d\u00e8s les premi\u00e8res minutes t\u00e9moignent de l\u2019app\u00e9tit du march\u00e9 chinois pour cette alternative au Model Y. Avec la possibilit\u00e9 offerte aux d\u00e9tenteurs de r\u00e9servations du sedan SU7 de basculer gratuitement vers le YU7, Xiaomi maximise ses chances de succ\u00e8s tout en fid\u00e9lisant sa client\u00e8le naissante dans l\u2019automobile. Cette approche pragmatique pourrait bien red\u00e9finir les \u00e9quilibres sur le march\u00e9 des SUV \u00e9lectriques premium, obligeant Tesla \u00e0 revoir sa strat\u00e9gie face \u00e0 cette concurrence chinoise de plus en plus redoutable.<\/p>\n<p>        <img loading=\"lazy\" decoding=\"async\" alt=\"\" src=\"data:image\/svg+xml,%3Csvg%20xmlns=\" http:=\"\" data-lazy- class=\"avatar avatar-120 photo sab-custom-avatar\" height=\"120\" width=\"120\" data-lazy-src=\"https:\/\/www.europesays.com\/fr\/wp-content\/uploads\/2025\/05\/francois_zhang_ming.jpg\"\/>    <\/p>\n<p class=\"wp-block-post-author__name\">R\u00e9dig\u00e9 par Fran\u00e7ois Zhang-Ming<\/p>\n<p class=\"wp-block-post-author__bio\"> J&rsquo;ai toujours montr\u00e9 un vif int\u00e9r\u00eat pour les sciences et les technologies d\u00e8s mon plus jeune \u00e2ge. Je poss\u00e8de une double culture, chinoise par ma m\u00e8re et fran\u00e7aise par mon p\u00e8re mais aussi par mes \u00e9tudes, ce qui me permet d&rsquo;\u00eatre tr\u00e8s familier avec les innovations technologiques de l&rsquo;extr\u00eame orient.<\/p>\n<p>\t\t\tR\u00e9agissez \u00e0 l&rsquo;article    <\/p>\n","protected":false},"excerpt":{"rendered":"Actu voiture \u00e9lectrique Le g\u00e9ant chinois de l\u2019\u00e9lectronique grand public Xiaomi vient d\u2019officialiser le lancement de son SUV&hellip;\n","protected":false},"author":2,"featured_media":208419,"comment_status":"","ping_status":"","sticky":false,"template":"","format":"standard","meta":{"footnotes":""},"categories":[6],"tags":[13643,891,35,350,33,34,1011,27,34745,21676,2141,34746,10894,19378,320,409,34747],"class_list":{"0":"post-208418","1":"post","2":"type-post","3":"status-publish","4":"format-standard","5":"has-post-thumbnail","7":"category-economie","8":"tag-autonomie","9":"tag-batterie","10":"tag-business","11":"tag-concurrence","12":"tag-economie","13":"tag-economy","14":"tag-fr","15":"tag-france","16":"tag-marchu00e9-chinois","17":"tag-performances","18":"tag-prix","19":"tag-ru00e9servations","20":"tag-stratu00e9gie-tarifaire","21":"tag-suv-u00e9lectrique","22":"tag-tesla","23":"tag-xiaomi","24":"tag-yu7"},"share_on_mastodon":{"url":"https:\/\/pubeurope.com\/@fr\/114755548554703368","error":""},"_links":{"self":[{"href":"https:\/\/www.europesays.com\/fr\/wp-json\/wp\/v2\/posts\/208418","targetHints":{"allow":["GET"]}}],"collection":[{"href":"https:\/\/www.europesays.com\/fr\/wp-json\/wp\/v2\/posts"}],"about":[{"href":"https:\/\/www.europesays.com\/fr\/wp-json\/wp\/v2\/types\/post"}],"author":[{"embeddable":true,"href":"https:\/\/www.europesays.com\/fr\/wp-json\/wp\/v2\/users\/2"}],"replies":[{"embeddable":true,"href":"https:\/\/www.europesays.com\/fr\/wp-json\/wp\/v2\/comments?post=208418"}],"version-history":[{"count":0,"href":"https:\/\/www.europesays.com\/fr\/wp-json\/wp\/v2\/posts\/208418\/revisions"}],"wp:featuredmedia":[{"embeddable":true,"href":"https:\/\/www.europesays.com\/fr\/wp-json\/wp\/v2\/media\/208419"}],"wp:attachment":[{"href":"https:\/\/www.europesays.com\/fr\/wp-json\/wp\/v2\/media?parent=208418"}],"wp:term":[{"taxonomy":"category","embeddable":true,"href":"https:\/\/www.europesays.com\/fr\/wp-json\/wp\/v2\/categories?post=208418"},{"taxonomy":"post_tag","embeddable":true,"href":"https:\/\/www.europesays.com\/fr\/wp-json\/wp\/v2\/tags?post=208418"}],"curies":[{"name":"wp","href":"https:\/\/api.w.org\/{rel}","templated":true}]}}