{"id":208420,"date":"2025-06-27T13:24:10","date_gmt":"2025-06-27T13:24:10","guid":{"rendered":"https:\/\/www.europesays.com\/fr\/208420\/"},"modified":"2025-06-27T13:24:10","modified_gmt":"2025-06-27T13:24:10","slug":"une-femme-tuee-et-20-blesses-dans-des-frappes-israeliennes","status":"publish","type":"post","link":"https:\/\/www.europesays.com\/fr\/208420\/","title":{"rendered":"Une femme tu\u00e9e et 20 bless\u00e9s dans des frappes isra\u00e9liennes"},"content":{"rendered":"<p>Le minist\u00e8re <a href=\"https:\/\/www.20minutes.fr\/monde\/liban\/\" class=\"color-ultramarine c-link\" rel=\"nofollow noopener\" target=\"_blank\">libanais <\/a>de la <a href=\"https:\/\/www.20minutes.fr\/sante\/\" class=\"color-ultramarine c-link\" rel=\"nofollow noopener\" target=\"_blank\">Sant\u00e9 <\/a>a indiqu\u00e9 qu\u2019une femme avait \u00e9t\u00e9 tu\u00e9e et vingt autres personnes bless\u00e9es, vendredi, dans des frappes <a href=\"https:\/\/www.20minutes.fr\/monde\/israel\/\" class=\"color-ultramarine c-link\" rel=\"nofollow noopener\" target=\"_blank\">isra\u00e9liennes<\/a>. <a href=\"https:\/\/www.20minutes.fr\/monde\/tsahal\/\" class=\"color-ultramarine c-link\" rel=\"nofollow noopener\" target=\"_blank\">Tsahal<\/a> visait le sud du pays, malgr\u00e9 un cessez-le-feu instaur\u00e9 le 27\u00a0novembre entre Isra\u00ebl et le mouvement islamiste <a href=\"https:\/\/www.20minutes.fr\/monde\/hezbollah\/\" class=\"color-ultramarine c-link\" rel=\"nofollow noopener\" target=\"_blank\">Hezbollah<\/a>, mais r\u00e9guli\u00e8rement viol\u00e9.<\/p>\n<p>Un drone isra\u00e9lien aurait vis\u00e9 un appartement dans un immeuble de la ville de Nabatiy\u00e9, tuant une femme et blessant 13 personnes, selon l&rsquo;agence de presse officielle libanaise, Ani. Des avions de chasse isra\u00e9liens ont par ailleurs lanc\u00e9 une \u00ab\u00a0violente offensive a\u00e9rienne de grande ampleur\u00a0\u00bb. L&rsquo;agence de presse \u00e9voque une s\u00e9rie de raids sur plusieurs positions, au cours desquels des missiles ont \u00e9t\u00e9 largu\u00e9s.<\/p>\n<p>\u00ab\u00a0Tentatives de r\u00e9habilitation d\u2019un souterrain\u00a0\u00bb<\/p>\n<p>\u00ab\u00a0Des avions de chasse de l\u2019arm\u00e9e de l\u2019air isra\u00e9lienne ont frapp\u00e9 un site utilis\u00e9 par l\u2019organisation terroriste Hezbollah\u00a0\u00bb, d\u00e9clare de son c\u00f4t\u00e9 l\u2019arm\u00e9e isra\u00e9lienne. Selon ce communiqu\u00e9, il \u00e9tait utilis\u00e9 \u00ab\u00a0pour g\u00e9rer son dispositif de tirs et de d\u00e9fense dans la r\u00e9gion du Beaufort, dans le sud du Liban\u00a0\u00bb.<\/p>\n<\/p>\n<p>Le site vis\u00e9 \u00ab\u00a0fait partie d\u2019un important projet souterrain qui avait \u00e9t\u00e9 totalement mis hors service \u00e0 la suite de frappes isra\u00e9liennes\u00a0\u00bb, ajoute l\u2019arm\u00e9e. Elle affirme qu\u2019elle \u00ab\u00a0a identifi\u00e9 des tentatives de r\u00e9habilitation entreprises par le Hezbollah, et a cibl\u00e9 des infrastructures terroristes dans la zone. [\u2026] La pr\u00e9sence de ce site et les tentatives de le r\u00e9habiliter constituent une violation flagrante des accords conclus entre Isra\u00ebl et le Liban\u00a0\u00bb.<\/p>\n<p><a href=\"https:\/\/www.20minutes.fr\/monde\/conflit-proche-orient\/\" class=\"c-link c-btn c-btn--primary\" rel=\"nofollow noopener\" target=\"_blank\">Notre dossier sur le conflit au Proche-Orient<\/a><\/p>\n<p>Jeudi, deux personnes avaient \u00e9t\u00e9 tu\u00e9es dans des frappes isra\u00e9liennes sur le sud, o\u00f9 l\u2019arm\u00e9e a dit avoir cibl\u00e9 des membres du Hezbollah. Mardi, le minist\u00e8re de la Sant\u00e9 libanais avait annonc\u00e9 la mort de trois personnes dans une frappe ayant vis\u00e9 un v\u00e9hicule. L\u2019arm\u00e9e isra\u00e9lienne avait alors affirm\u00e9 avoir tu\u00e9 le directeur d\u2019une soci\u00e9t\u00e9 de change, accus\u00e9 de transf\u00e9rer des fonds pour le Hezbollah.<\/p>\n","protected":false},"excerpt":{"rendered":"Le minist\u00e8re libanais de la Sant\u00e9 a indiqu\u00e9 qu\u2019une femme avait \u00e9t\u00e9 tu\u00e9e et vingt autres personnes bless\u00e9es,&hellip;\n","protected":false},"author":2,"featured_media":208421,"comment_status":"","ping_status":"","sticky":false,"template":"","format":"standard","meta":{"footnotes":""},"categories":[5],"tags":[47,11,34748,7613,1011,27,7295,14,664,12404,74,12,3520,28],"class_list":{"0":"post-208420","1":"post","2":"type-post","3":"status-publish","4":"format-standard","5":"has-post-thumbnail","7":"category-international","8":"tag-actualite","9":"tag-actualites","10":"tag-armee-israelienne","11":"tag-conflit-au-proche-orient","12":"tag-fr","13":"tag-france","14":"tag-hezbollah","15":"tag-international","16":"tag-israel","17":"tag-liban","18":"tag-monde","19":"tag-news","20":"tag-tsahal","21":"tag-world"},"share_on_mastodon":{"url":"https:\/\/pubeurope.com\/@fr\/114755552124977429","error":""},"_links":{"self":[{"href":"https:\/\/www.europesays.com\/fr\/wp-json\/wp\/v2\/posts\/208420","targetHints":{"allow":["GET"]}}],"collection":[{"href":"https:\/\/www.europesays.com\/fr\/wp-json\/wp\/v2\/posts"}],"about":[{"href":"https:\/\/www.europesays.com\/fr\/wp-json\/wp\/v2\/types\/post"}],"author":[{"embeddable":true,"href":"https:\/\/www.europesays.com\/fr\/wp-json\/wp\/v2\/users\/2"}],"replies":[{"embeddable":true,"href":"https:\/\/www.europesays.com\/fr\/wp-json\/wp\/v2\/comments?post=208420"}],"version-history":[{"count":0,"href":"https:\/\/www.europesays.com\/fr\/wp-json\/wp\/v2\/posts\/208420\/revisions"}],"wp:featuredmedia":[{"embeddable":true,"href":"https:\/\/www.europesays.com\/fr\/wp-json\/wp\/v2\/media\/208421"}],"wp:attachment":[{"href":"https:\/\/www.europesays.com\/fr\/wp-json\/wp\/v2\/media?parent=208420"}],"wp:term":[{"taxonomy":"category","embeddable":true,"href":"https:\/\/www.europesays.com\/fr\/wp-json\/wp\/v2\/categories?post=208420"},{"taxonomy":"post_tag","embeddable":true,"href":"https:\/\/www.europesays.com\/fr\/wp-json\/wp\/v2\/tags?post=208420"}],"curies":[{"name":"wp","href":"https:\/\/api.w.org\/{rel}","templated":true}]}}