{"id":208422,"date":"2025-06-27T13:25:12","date_gmt":"2025-06-27T13:25:12","guid":{"rendered":"https:\/\/www.europesays.com\/fr\/208422\/"},"modified":"2025-06-27T13:25:12","modified_gmt":"2025-06-27T13:25:12","slug":"intoxications-alimentaires-dans-laisne-desormais-25-cas-recenses-selon-la-procureure-de-la-republique-de-paris","status":"publish","type":"post","link":"https:\/\/www.europesays.com\/fr\/208422\/","title":{"rendered":"Intoxications alimentaires dans l\u2019Aisne\u00a0: d\u00e9sormais 25 cas recens\u00e9s, selon la procureure de la R\u00e9publique de Paris"},"content":{"rendered":"<p class=\"paragraph text_align_left lp-f-body-02\">La procureure de la R\u00e9publique de Paris a confirm\u00e9 ce vendredi matin que 25 personnes avaient \u00e9t\u00e9 recens\u00e9es comme contamin\u00e9es par la <a href=\"https:\/\/www.leparisien.fr\/societe\/sante\/graves-intoxications-alimentaires-dans-laisne-desormais-17-enfants-victimes-de-nouvelles-boucheries-suspectees-22-06-2025-Z55NVA7QURB2FJ3KGGXM54P5XQ.php\" target=\"_self\" rel=\"nofollow noopener\">bact\u00e9rie E. coli<\/a> dans l\u2019Aisne, alors que le p\u00f4le de sant\u00e9 publique du parquet de Paris est d\u00e9sormais charg\u00e9 de l\u2019enqu\u00eate sur les <a href=\"https:\/\/www.leparisien.fr\/faits-divers\/boucheries-suspectees-profil-des-victimes-deces-ce-que-lon-sait-des-graves-intoxications-alimentaires-dans-laisne-21-06-2025-5WYG2BGL3RBYVBE3WTKHHQ6VSI.php\" target=\"_self\" rel=\"nofollow noopener\">intoxications \u00e0 la viande<\/a>.<\/p>\n<p class=\"paragraph text_align_left lp-f-body-02\">Les patients \u00ab ont 11 mois pour la plus petite, et 71 ans pour la victime la plus \u00e2g\u00e9e \u00bb, a d\u00e9taill\u00e9 Laure Beccuau, expliquant l\u2019effet retard par une p\u00e9riode d\u2019incubation est \u00ab de 10 \u00e0 15 jours, avec pour point de d\u00e9part la (date de) consommation \u00bb.<\/p>\n<p class=\"paragraph text_align_left lp-f-body-02\">Neuf personnes \u00ab ont d\u00e9velopp\u00e9 un sympt\u00f4me s\u00e9v\u00e8re \u00bb et, si la psychose s\u2019est install\u00e9e, il n\u2019y a pas eu de nouveau d\u00e9c\u00e8s depuis la mort de cette <a href=\"https:\/\/www.leparisien.fr\/faits-divers\/un-enfant-meurt-dune-intoxication-alimentaire-six-autres-cas-recenses-dans-laisne-19-06-2025-77CGZ6MCLZAAVLBP6AH6DFLMSY.php\" target=\"_self\" rel=\"nofollow noopener\">petite fille de 11 ans<\/a>, Elise. \u00ab Vous me permettrez d\u2019avoir une pens\u00e9e pour ses parents et nous avons tout \u00e0 fait conscience de l\u2019angoisse dans laquelle se trouvent les autres familles \u00bb, a ajout\u00e9 la magistrate.<\/p>\n<p class=\"paragraph text_align_left lp-f-body-02\">Selon Laure Beccuau, pour l\u2019instant \u00ab l\u2019enqu\u00eate sanitaire \u00bb n\u2019a pas r\u00e9v\u00e9l\u00e9 de fragilit\u00e9 particuli\u00e8re de la petite fille, qui pourrait expliquer son d\u00e9c\u00e8s. Cette enqu\u00eate \u00ab de sant\u00e9 publique \u00bb a \u00e9t\u00e9 \u00ab enclench\u00e9e assez vite apr\u00e8s que, le 12 juin, des personnes se pr\u00e9sentent \u00e0 l\u2019h\u00f4pital avec des diarrh\u00e9es importantes \u00bb. Des pr\u00e9l\u00e8vements ont \u00e9t\u00e9 faits, analys\u00e9s, et \u00ab on proc\u00e8de \u00e0 un s\u00e9quen\u00e7age du g\u00e9nome de la bact\u00e9rie, c\u2019est-\u00e0-dire trouver l\u2019empreinte digitale de la bact\u00e9rie \u00bb, a compar\u00e9 la procureure de la R\u00e9publique.<\/p>\n<p class=\"lp-card-podcast-highlighting__title  lp-f-subtitle-05\">Caussols, la ferme de l\u2019horreur (2\/2)<\/p>\n<p class=\"lp-card-podcast-highlighting__description lp-f-ui-05\">Crime story raconte chaque semaine les grandes affaires criminelles.<\/p>\n<p><a class=\"lp-card-podcast-highlighting__call-to-action\" data-page-type=\"HP\" data-block-name=\"podcast-highlight\">\u00c9couter<\/a><\/p>\n<p class=\"paragraph text_align_left lp-f-body-02\">\u00ab Au regard du nombre des victimes et de la technicit\u00e9 des investigations attendues, le parquet de Saint-Quentin s\u2019est dessaisi le 25 juin pour le p\u00f4le de sant\u00e9 publique du parquet de Paris \u00bb de l\u2019enqu\u00eate sur les <a href=\"https:\/\/www.leparisien.fr\/faits-divers\/boucheries-suspectees-profil-des-victimes-deces-ce-que-lon-sait-des-graves-intoxications-alimentaires-dans-laisne-21-06-2025-5WYG2BGL3RBYVBE3WTKHHQ6VSI.php\" target=\"_self\" rel=\"nofollow noopener\">intoxications \u00e0 la viande<\/a>, annon\u00e7ait la magistrate jeudi, dans un communiqu\u00e9.<\/p>\n","protected":false},"excerpt":{"rendered":"La procureure de la R\u00e9publique de Paris a confirm\u00e9 ce vendredi matin que 25 personnes avaient \u00e9t\u00e9 recens\u00e9es&hellip;\n","protected":false},"author":2,"featured_media":208423,"comment_status":"","ping_status":"","sticky":false,"template":"","format":"standard","meta":{"footnotes":""},"categories":[4],"tags":[11,459,118,1011,27,12,25],"class_list":{"0":"post-208422","1":"post","2":"type-post","3":"status-publish","4":"format-standard","5":"has-post-thumbnail","7":"category-france","8":"tag-actualites","9":"tag-departements-horsidfo","10":"tag-faits-divers","11":"tag-fr","12":"tag-france","13":"tag-news","14":"tag-republique-francaise"},"share_on_mastodon":{"url":"https:\/\/pubeurope.com\/@fr\/114755556055552411","error":""},"_links":{"self":[{"href":"https:\/\/www.europesays.com\/fr\/wp-json\/wp\/v2\/posts\/208422","targetHints":{"allow":["GET"]}}],"collection":[{"href":"https:\/\/www.europesays.com\/fr\/wp-json\/wp\/v2\/posts"}],"about":[{"href":"https:\/\/www.europesays.com\/fr\/wp-json\/wp\/v2\/types\/post"}],"author":[{"embeddable":true,"href":"https:\/\/www.europesays.com\/fr\/wp-json\/wp\/v2\/users\/2"}],"replies":[{"embeddable":true,"href":"https:\/\/www.europesays.com\/fr\/wp-json\/wp\/v2\/comments?post=208422"}],"version-history":[{"count":0,"href":"https:\/\/www.europesays.com\/fr\/wp-json\/wp\/v2\/posts\/208422\/revisions"}],"wp:featuredmedia":[{"embeddable":true,"href":"https:\/\/www.europesays.com\/fr\/wp-json\/wp\/v2\/media\/208423"}],"wp:attachment":[{"href":"https:\/\/www.europesays.com\/fr\/wp-json\/wp\/v2\/media?parent=208422"}],"wp:term":[{"taxonomy":"category","embeddable":true,"href":"https:\/\/www.europesays.com\/fr\/wp-json\/wp\/v2\/categories?post=208422"},{"taxonomy":"post_tag","embeddable":true,"href":"https:\/\/www.europesays.com\/fr\/wp-json\/wp\/v2\/tags?post=208422"}],"curies":[{"name":"wp","href":"https:\/\/api.w.org\/{rel}","templated":true}]}}