{"id":208429,"date":"2025-06-27T13:29:16","date_gmt":"2025-06-27T13:29:16","guid":{"rendered":"https:\/\/www.europesays.com\/fr\/208429\/"},"modified":"2025-06-27T13:29:16","modified_gmt":"2025-06-27T13:29:16","slug":"velle-sur-moselle-la-tablette-na-plus-de-secrets-pour-les-seniors","status":"publish","type":"post","link":"https:\/\/www.europesays.com\/fr\/208429\/","title":{"rendered":"Velle-sur-Moselle. La tablette n\u2019a plus de secrets pour les seniors"},"content":{"rendered":"<p>Une dizaine de seniors du village et des environs suivent assid\u00fbment les cours de Sandra Fornes, responsable de SOS Futur, mandat\u00e9e par la commission des finances du d\u00e9partement pour les familiariser avec l\u2019usage et la ma\u00eetrise de la tablette num\u00e9rique. De la prise en main de son propre mat\u00e9riel \u00e0 la pratique d\u2019Internet en passant par la collection de photos, les r\u00e9seaux sociaux ou les formalit\u00e9s administratives en ligne tous les aspects de cet outil ont \u00e9t\u00e9 pass\u00e9s en revue.<\/p>\n","protected":false},"excerpt":{"rendered":"Une dizaine de seniors du village et des environs suivent assid\u00fbment les cours de Sandra Fornes, responsable de&hellip;\n","protected":false},"author":2,"featured_media":208430,"comment_status":"","ping_status":"","sticky":false,"template":"","format":"standard","meta":{"footnotes":""},"categories":[9635],"tags":[1111,11,34750,1687,1707,1777,674,1011,27,775,34751,34752,1702,12,25,34749],"class_list":{"0":"post-208429","1":"post","2":"type-post","3":"status-publish","4":"format-standard","5":"has-post-thumbnail","7":"category-nancy","8":"tag-actu","9":"tag-actualites","10":"tag-cc-meurthe","11":"tag-culture-loisirs","12":"tag-edition-luneville","13":"tag-eu","14":"tag-europe","15":"tag-fr","16":"tag-france","17":"tag-grand-est","18":"tag-mortagne","19":"tag-moselle-54a","20":"tag-nancy","21":"tag-news","22":"tag-republique-francaise","23":"tag-velle-sur-moselle"},"share_on_mastodon":{"url":"https:\/\/pubeurope.com\/@fr\/114755571840207575","error":""},"_links":{"self":[{"href":"https:\/\/www.europesays.com\/fr\/wp-json\/wp\/v2\/posts\/208429","targetHints":{"allow":["GET"]}}],"collection":[{"href":"https:\/\/www.europesays.com\/fr\/wp-json\/wp\/v2\/posts"}],"about":[{"href":"https:\/\/www.europesays.com\/fr\/wp-json\/wp\/v2\/types\/post"}],"author":[{"embeddable":true,"href":"https:\/\/www.europesays.com\/fr\/wp-json\/wp\/v2\/users\/2"}],"replies":[{"embeddable":true,"href":"https:\/\/www.europesays.com\/fr\/wp-json\/wp\/v2\/comments?post=208429"}],"version-history":[{"count":0,"href":"https:\/\/www.europesays.com\/fr\/wp-json\/wp\/v2\/posts\/208429\/revisions"}],"wp:featuredmedia":[{"embeddable":true,"href":"https:\/\/www.europesays.com\/fr\/wp-json\/wp\/v2\/media\/208430"}],"wp:attachment":[{"href":"https:\/\/www.europesays.com\/fr\/wp-json\/wp\/v2\/media?parent=208429"}],"wp:term":[{"taxonomy":"category","embeddable":true,"href":"https:\/\/www.europesays.com\/fr\/wp-json\/wp\/v2\/categories?post=208429"},{"taxonomy":"post_tag","embeddable":true,"href":"https:\/\/www.europesays.com\/fr\/wp-json\/wp\/v2\/tags?post=208429"}],"curies":[{"name":"wp","href":"https:\/\/api.w.org\/{rel}","templated":true}]}}