{"id":208451,"date":"2025-06-27T13:41:49","date_gmt":"2025-06-27T13:41:49","guid":{"rendered":"https:\/\/www.europesays.com\/fr\/208451\/"},"modified":"2025-06-27T13:41:49","modified_gmt":"2025-06-27T13:41:49","slug":"de-lheroine-et-une-kalachnikov-chargee-saisies","status":"publish","type":"post","link":"https:\/\/www.europesays.com\/fr\/208451\/","title":{"rendered":"de l&rsquo;h\u00e9ro\u00efne et une kalachnikov charg\u00e9e saisies"},"content":{"rendered":"<p>            Par<br \/>\n        <strong><br \/>\n            <a href=\"https:\/\/actu.fr\/auteur\/ivan-capecchi\" title=\"Consulter tous les articles de Ivan CAPECCHI\" rel=\"nofollow noopener\" target=\"_blank\">Ivan CAPECCHI<\/a><br \/>\n        <\/strong><\/p>\n<p>        Publi\u00e9 le<\/p>\n<p>            25 juin 2025 \u00e0 12h01        <\/p>\n<p>Mi-juin, un <strong>trafic de drogues<\/strong> a \u00e9t\u00e9 d\u00e9mantel\u00e9 \u00e0 <strong>Strasbourg<\/strong>, dans les quartiers de <strong>Hautepierre<\/strong> et <a href=\"https:\/\/actu.fr\/grand-est\/strasbourg_67482\/ce-quartier-de-strasbourg-est-en-pleine-ebullition-des-millions-d-euros-investis-de-nombreux-projets-lances_61132615.html\" rel=\"nofollow noopener\" target=\"_blank\">Koenigshoffen<\/a>.<\/p>\n<p>De la drogue et une arme saisies<\/p>\n<p class=\" wall-content\">Plus d\u2019un kg <strong>d\u2019h\u00e9ro\u00efne<\/strong>, 300\u00a0g de <strong>coca\u00efne<\/strong>, une <strong>kalachnikov charg\u00e9e<\/strong> et <strong>34\u2009215\u00a0\u20ac<\/strong> ont \u00e9t\u00e9 saisis lors de ce coup de filet, d\u2019apr\u00e8s la police qui a communiqu\u00e9 sur X.<\/p>\n<p class=\" wall-content\">Cette derni\u00e8re pr\u00e9cise qu\u2019il y a eu \u00ab<strong>\u2009huit arrestations et quatre incarc\u00e9rations<\/strong>\u2009\u00bb et que \u00ab<strong>\u2009l\u2019enqu\u00eate continue<\/strong>\u2009\u00bb.<\/p>\n<p class=\" wall-content\">Suivez toute l\u2019actualit\u00e9 de vos villes et m\u00e9dias favoris en vous inscrivant \u00e0 <a href=\"https:\/\/moncompte.actu.fr\" title=\"D\u00e9couvez Mon Actu\" rel=\"nofollow noopener\" data-trk=\"{&quot;cta&quot;:{&quot;action&quot;:&quot;https:\\\/\\\/moncompte.actu.fr&quot;,&quot;category&quot;:&quot;mon compte&quot;,&quot;from&quot;:&quot;article footer&quot;,&quot;name&quot;:&quot;Mon actu&quot;,&quot;type&quot;:&quot;cta&quot;}}\" target=\"_blank\">Mon Actu<\/a>.<\/p>\n","protected":false},"excerpt":{"rendered":"Par Ivan CAPECCHI Publi\u00e9 le 25 juin 2025 \u00e0 12h01 Mi-juin, un trafic de drogues a \u00e9t\u00e9 d\u00e9mantel\u00e9&hellip;\n","protected":false},"author":2,"featured_media":208452,"comment_status":"","ping_status":"","sticky":false,"template":"","format":"standard","meta":{"footnotes":""},"categories":[2820],"tags":[1111,11,1052,1777,674,118,1011,27,775,12,1072,25,640],"class_list":{"0":"post-208451","1":"post","2":"type-post","3":"status-publish","4":"format-standard","5":"has-post-thumbnail","7":"category-strasbourg","8":"tag-actu","9":"tag-actualites","10":"tag-drogue","11":"tag-eu","12":"tag-europe","13":"tag-faits-divers","14":"tag-fr","15":"tag-france","16":"tag-grand-est","17":"tag-news","18":"tag-police","19":"tag-republique-francaise","20":"tag-strasbourg"},"share_on_mastodon":{"url":"https:\/\/pubeurope.com\/@fr\/114755622880550215","error":""},"_links":{"self":[{"href":"https:\/\/www.europesays.com\/fr\/wp-json\/wp\/v2\/posts\/208451","targetHints":{"allow":["GET"]}}],"collection":[{"href":"https:\/\/www.europesays.com\/fr\/wp-json\/wp\/v2\/posts"}],"about":[{"href":"https:\/\/www.europesays.com\/fr\/wp-json\/wp\/v2\/types\/post"}],"author":[{"embeddable":true,"href":"https:\/\/www.europesays.com\/fr\/wp-json\/wp\/v2\/users\/2"}],"replies":[{"embeddable":true,"href":"https:\/\/www.europesays.com\/fr\/wp-json\/wp\/v2\/comments?post=208451"}],"version-history":[{"count":0,"href":"https:\/\/www.europesays.com\/fr\/wp-json\/wp\/v2\/posts\/208451\/revisions"}],"wp:featuredmedia":[{"embeddable":true,"href":"https:\/\/www.europesays.com\/fr\/wp-json\/wp\/v2\/media\/208452"}],"wp:attachment":[{"href":"https:\/\/www.europesays.com\/fr\/wp-json\/wp\/v2\/media?parent=208451"}],"wp:term":[{"taxonomy":"category","embeddable":true,"href":"https:\/\/www.europesays.com\/fr\/wp-json\/wp\/v2\/categories?post=208451"},{"taxonomy":"post_tag","embeddable":true,"href":"https:\/\/www.europesays.com\/fr\/wp-json\/wp\/v2\/tags?post=208451"}],"curies":[{"name":"wp","href":"https:\/\/api.w.org\/{rel}","templated":true}]}}