{"id":208461,"date":"2025-06-27T13:46:10","date_gmt":"2025-06-27T13:46:10","guid":{"rendered":"https:\/\/www.europesays.com\/fr\/208461\/"},"modified":"2025-06-27T13:46:10","modified_gmt":"2025-06-27T13:46:10","slug":"le-psg-pour-commencer-la-saison-derbys-le-calendrier-des-canaris-devoile","status":"publish","type":"post","link":"https:\/\/www.europesays.com\/fr\/208461\/","title":{"rendered":"le PSG pour commencer la saison, derbys, le calendrier des Canaris d\u00e9voil\u00e9"},"content":{"rendered":"<p>            Par<br \/>\n        <strong><br \/>\n            <a href=\"https:\/\/actu.fr\/auteur\/thomas-bernard\" title=\"Consulter tous les articles de Thomas Bernard\" rel=\"nofollow noopener\" target=\"_blank\">Thomas Bernard<\/a><br \/>\n        <\/strong><\/p>\n<p>        Publi\u00e9 le<\/p>\n<p>            27 juin 2025 \u00e0 15h26        <\/p>\n<p>C\u2019est bient\u00f4t la fin des vacances pour les joueurs du FC Nantes. Apr\u00e8s une saison marqu\u00e9e <a href=\"https:\/\/actu.fr\/pays-de-la-loire\/nantes_44109\/fc-nantes-une-saison-mitige-malgre-le-maintien-les-supporters-font-grise-mine_62651624.html\" rel=\"nofollow noopener\" target=\"_blank\">par un maintien in-extremis<\/a>, les Canaris vont retrouver les chemins de la Joneli\u00e8re, ce lundi 30\u00a0juin 2025. Une reprise sous la houlette de <a href=\"https:\/\/actu.fr\/pays-de-la-loire\/nantes_44109\/fc-nantes-qui-est-luis-castro-le-nouvel-entraineur-des-jaune-et-vert_62782165.html\" rel=\"nofollow noopener\" target=\"_blank\">Luis Castro<\/a>, nouvel entra\u00eeneur des Canaris pour la saison 2025\/2026.<\/p>\n<p class=\" wall-content\"><strong>Le calendrier du prochain exercice a \u00e9t\u00e9 d\u00e9voil\u00e9<\/strong>, ce vendredi 27\u00a0juin 2025 par la Ligue de football professionnel (LFP). D\u00e9couvrez ce qui attend les Jaune et Vert.<\/p>\n<p>Le PSG pour d\u00e9buter<\/p>\n<p class=\" wall-content\">Pour la premi\u00e8re journ\u00e9e, le FC Nantes recevra<strong> le Paris-Saint-Germain<\/strong>, champion de France et d\u2019Europe en titre. La rencontre est programm\u00e9e pour <strong>le week-end du 16 et 17\u00a0ao\u00fbt<\/strong>.<\/p>\n<p class=\" wall-content\">Les Canaris se d\u00e9placeront ensuite \u00e0 Strasbourg pour la deuxi\u00e8me journ\u00e9e avant d\u2019accueillir Auxerre le 31\u00a0ao\u00fbt pour le troisi\u00e8me match de l\u2019exercice 2025\/2026.<\/p>\n<p class=\" wall-content\">Le derby breton face au <a href=\"https:\/\/actu.fr\/tag\/stade-rennais\" rel=\"nofollow noopener\" target=\"_blank\">Stade Rennais<\/a> aura lieu le <strong>21\u00a0septembre 2025<\/strong> \u00e0 la Beaujoire avant le match retour au Roazhon Park, le 26 avril 2026. L\u2019autre derby face \u00e0 <strong>Angers SCO<\/strong> aura lieu le 16\u00a0d\u00e9cembre (\u00e0 l\u2019ext\u00e9rieur) et le 8\u00a0mars 2026.<\/p>\n<p>Vid\u00e9os : en ce moment sur Actu<\/p>\n<p class=\" wall-content\">Autre date \u00e0 noter pour les supporters des canaris, la rencontre face au Paris FC lors de la 18\u1d49 journ\u00e9e (18 janvier 2026) au stade de la Beaujoire. Les fans des Jaune et Vert pourront retrouver <a href=\"https:\/\/actu.fr\/pays-de-la-loire\/nantes_44109\/je-pars-avec-le-sentiment-du-devoir-accompli-moses-simon-quitte-le-fc-nantes_62821180.html\" rel=\"nofollow noopener\" target=\"_blank\">leur ancien ailier Moses Simon qui a rejoint le club parisien<\/a>.<\/p>\n<p class=\" wall-content\">Les hommes de Luis Castro concluront la saison 2025\/2026 par la r\u00e9ception de Toulouse lors du week-end du 16\u00a0mai 2026.<\/p>\n<p class=\" wall-content\">Suivez toute l\u2019actualit\u00e9 de vos villes et m\u00e9dias favoris en vous inscrivant \u00e0 <a href=\"https:\/\/moncompte.actu.fr\" title=\"D\u00e9couvez Mon Actu\" rel=\"nofollow noopener\" data-trk=\"{&quot;cta&quot;:{&quot;action&quot;:&quot;https:\\\/\\\/moncompte.actu.fr&quot;,&quot;category&quot;:&quot;mon compte&quot;,&quot;from&quot;:&quot;article footer&quot;,&quot;name&quot;:&quot;Mon actu&quot;,&quot;type&quot;:&quot;cta&quot;}}\" target=\"_blank\">Mon Actu<\/a>.<\/p>\n","protected":false},"excerpt":{"rendered":"Par Thomas Bernard Publi\u00e9 le 27 juin 2025 \u00e0 15h26 C\u2019est bient\u00f4t la fin des vacances pour les&hellip;\n","protected":false},"author":2,"featured_media":208462,"comment_status":"","ping_status":"","sticky":false,"template":"","format":"standard","meta":{"footnotes":""},"categories":[2818],"tags":[1111,11,1777,674,462,63,1011,27,766,12,2332,2636,25,60,3087],"class_list":{"0":"post-208461","1":"post","2":"type-post","3":"status-publish","4":"format-standard","5":"has-post-thumbnail","7":"category-nantes","8":"tag-actu","9":"tag-actualites","10":"tag-eu","11":"tag-europe","12":"tag-fc-nantes","13":"tag-football","14":"tag-fr","15":"tag-france","16":"tag-nantes","17":"tag-news","18":"tag-paris-saint-germain-psg","19":"tag-pays-de-la-loire","20":"tag-republique-francaise","21":"tag-sports","22":"tag-stade-rennais"},"share_on_mastodon":{"url":"https:\/\/pubeurope.com\/@fr\/114755638645319253","error":""},"_links":{"self":[{"href":"https:\/\/www.europesays.com\/fr\/wp-json\/wp\/v2\/posts\/208461","targetHints":{"allow":["GET"]}}],"collection":[{"href":"https:\/\/www.europesays.com\/fr\/wp-json\/wp\/v2\/posts"}],"about":[{"href":"https:\/\/www.europesays.com\/fr\/wp-json\/wp\/v2\/types\/post"}],"author":[{"embeddable":true,"href":"https:\/\/www.europesays.com\/fr\/wp-json\/wp\/v2\/users\/2"}],"replies":[{"embeddable":true,"href":"https:\/\/www.europesays.com\/fr\/wp-json\/wp\/v2\/comments?post=208461"}],"version-history":[{"count":0,"href":"https:\/\/www.europesays.com\/fr\/wp-json\/wp\/v2\/posts\/208461\/revisions"}],"wp:featuredmedia":[{"embeddable":true,"href":"https:\/\/www.europesays.com\/fr\/wp-json\/wp\/v2\/media\/208462"}],"wp:attachment":[{"href":"https:\/\/www.europesays.com\/fr\/wp-json\/wp\/v2\/media?parent=208461"}],"wp:term":[{"taxonomy":"category","embeddable":true,"href":"https:\/\/www.europesays.com\/fr\/wp-json\/wp\/v2\/categories?post=208461"},{"taxonomy":"post_tag","embeddable":true,"href":"https:\/\/www.europesays.com\/fr\/wp-json\/wp\/v2\/tags?post=208461"}],"curies":[{"name":"wp","href":"https:\/\/api.w.org\/{rel}","templated":true}]}}