{"id":208465,"date":"2025-06-27T13:48:11","date_gmt":"2025-06-27T13:48:11","guid":{"rendered":"https:\/\/www.europesays.com\/fr\/208465\/"},"modified":"2025-06-27T13:48:11","modified_gmt":"2025-06-27T13:48:11","slug":"ou-en-sont-les-travaux","status":"publish","type":"post","link":"https:\/\/www.europesays.com\/fr\/208465\/","title":{"rendered":"o\u00f9 en sont les travaux\u00a0?"},"content":{"rendered":"<p>            Par<br \/>\n        <strong><br \/>\n            <a href=\"https:\/\/actu.fr\/auteur\/sports33\" title=\"Consulter tous les articles de Nicolas Gosselin\" rel=\"nofollow noopener\" target=\"_blank\">Nicolas Gosselin<\/a><br \/>\n        <\/strong><\/p>\n<p>        Publi\u00e9 le<\/p>\n<p>            27 juin 2025 \u00e0 15h31        <\/p>\n<p>Lanc\u00e9 depuis lundi 2 juin 2025, le <a href=\"https:\/\/actu.fr\/nouvelle-aquitaine\/bordeaux_33063\/chantier-titanesque-sur-le-reseau-tbm-a-bordeaux-ce-que-les-usagers-du-tram-doivent-savoir_62473216.html\" rel=\"nofollow noopener\" target=\"_blank\">chantier du tramway \u00e0 la Porte de Bourgogne<\/a> perturbe grandement les d\u00e9placements \u00e0 Bordeaux puisque <a href=\"https:\/\/actu.fr\/nouvelle-aquitaine\/bordeaux_33063\/les-lignes-a-c-et-d-du-tram-vont-bientot-etre-interrompues-a-bordeaux-voici-les-heures-des-derniers-departs_62701827.html\" rel=\"nofollow noopener\" target=\"_blank\">plusieurs lignes sont partiellement coup\u00e9es<\/a> mais les usagers ne sont <strong>pas au bout de leurs peines<\/strong>\u2026 En effet, le chantier n\u2019en est encore qu\u2019\u00e0 ses d\u00e9buts. On fait le point sur la situation.<\/p>\n<p class=\" wall-content\">En trois semaines,<strong> plusieurs actions marquantes<\/strong> ont d\u00e9j\u00e0 \u00e9t\u00e9 men\u00e9es : les grosses op\u00e9rations de d\u00e9molition, la d\u00e9pose des nouveaux rails de la ligne A, le coulage de b\u00e9ton sur la double bifurcation au niveau de la station Porte de Bourgogne, la r\u00e9ception des premiers appareils de voie sur place par grue.<\/p>\n<p>Des essais d\u00e8s le 18 ao\u00fbt<\/p>\n<p class=\" wall-content\">\u00ab\u00a0Les travaux se d\u00e9roulent dans les temps\u00a0\u00bb, pr\u00e9cise Pierrick Poirier, le directeur g\u00e9n\u00e9ral de Keolis Bordeaux M\u00e9tropole. Pour ce faire, <strong>40 personnes travaillent en simultan\u00e9<\/strong> et les interventions sont organis\u00e9es en deux postes successifs de 8 heures (6h-14h et 14h-22h).<\/p>\n<p class=\" wall-content\">Certaines interventions sensibles, comme les soudures de rails, sont aussi r\u00e9alis\u00e9es de nuit en raison des conditions climatiques estivales, pour garantir la qualit\u00e9 des assemblages.<\/p>\n<p>    <img   decoding=\"async\" loading=\"lazy\" src=\"https:\/\/www.europesays.com\/fr\/wp-content\/uploads\/2025\/06\/pierrick-poirier-tbm-960x640.jpg\" alt=\"Pierrick Poirier, le directeur g\u00e9n\u00e9ral de Keolis Bordeaux M\u00e9tropole.\" width=\"960\" height=\"640\"\/><br \/>\n    Pierrick Poirier, le directeur g\u00e9n\u00e9ral de Keolis Bordeaux M\u00e9tropole. (\u00a9actu Bordeaux \/ Nicolas Gosselin)<\/p>\n<p class=\" wall-content\">Ce <strong>rythme soutenu<\/strong> doit permettre de boucler le chantier au plus vite. Pour autant, les travaux n\u2019en sont qu\u2019\u00e0 leur premier tiers. En effet, ils vont se poursuivre jusqu\u2019\u00e0 la fin ao\u00fbt.<\/p>\n<p class=\" wall-content\">La pose de <strong>plus de 300 m\u00e8tres de lin\u00e9aire de voie ferr\u00e9e<\/strong> a d\u00e9marr\u00e9 depuis le lancement du chantier et doit se poursuivre jusqu\u2019\u00e0 la mi-juillet. Les travaux d\u2019infrastructure et de renouvellement des rails APS (alimentation \u00e9lectrique par le sol) ont \u00e9t\u00e9 entam\u00e9s \u00e0 la fin juin et vont se prolonger jusqu\u2019\u00e0 la mi-ao\u00fbt, comme la partie sur le syst\u00e8me d\u2019aiguillage.<\/p>\n<p class=\" wall-content\">\u00c0 partir du <strong>18 ao\u00fbt<\/strong>, les essais dynamiques et les tests de performance vont d\u00e9buter. Des rames vont circuler \u00e0 vide, \u00e0 une fr\u00e9quence et une vitesse conformes aux conditions r\u00e9elles afin de voir si tout fonctionne normalement.<\/p>\n<p>La reprise du trafic est pr\u00e9vue le 1er septembre<\/p>\n<p class=\" wall-content\">\u00ab\u00a0Le secteur Porte de Bourgogne est <strong>le c\u0153ur du r\u00e9seau<\/strong>, il mobilise toute notre attention\u00a0\u00bb, \u00e9voque Alexis Happio, responsable du projet tramway. Ce chantier doit permettre de cr\u00e9er <a href=\"https:\/\/actu.fr\/nouvelle-aquitaine\/bordeaux_33063\/tbm-deux-nouvelles-lignes-de-tramway-bientot-mises-en-service-a-bordeaux_62120782.html\" rel=\"nofollow noopener\" target=\"_blank\">deux nouvelles lignes de tramway<\/a>.<\/p>\n<p class=\" wall-content\">La E permettra de relayer Floirac-Dravemont \u00e0 l\u2019a\u00e9roport de Bordeaux-M\u00e9rignac et la F connectera directement la gare Saint-Jean et l\u2019a\u00e9roport en seulement 45 minutes.<\/p>\n<p class=\" wall-content\">Le chantier doit prendre fin officiellement le 31 ao\u00fbt et la <strong>reprise \u00e0 la normale du trafic tramway<\/strong> doit intervenir d\u00e8s le <strong>lundi 1er septembre<\/strong>. Les deux nouvelles lignes, elles, doivent entrer en service \u00e0 partir du <strong>6 d\u00e9cembre<\/strong>.<\/p>\n<p class=\" wall-content\">Suivez toute l\u2019actualit\u00e9 de vos villes et m\u00e9dias favoris en vous inscrivant \u00e0 <a href=\"https:\/\/moncompte.actu.fr\" title=\"D\u00e9couvez Mon Actu\" rel=\"nofollow noopener\" data-trk=\"{&quot;cta&quot;:{&quot;action&quot;:&quot;https:\\\/\\\/moncompte.actu.fr&quot;,&quot;category&quot;:&quot;mon compte&quot;,&quot;from&quot;:&quot;article footer&quot;,&quot;name&quot;:&quot;Mon actu&quot;,&quot;type&quot;:&quot;cta&quot;}}\" target=\"_blank\">Mon Actu<\/a>.<\/p>\n","protected":false},"excerpt":{"rendered":"Par Nicolas Gosselin Publi\u00e9 le 27 juin 2025 \u00e0 15h31 Lanc\u00e9 depuis lundi 2 juin 2025, le chantier&hellip;\n","protected":false},"author":2,"featured_media":208466,"comment_status":"","ping_status":"","sticky":false,"template":"","format":"standard","meta":{"footnotes":""},"categories":[2817],"tags":[1111,11,1997,1777,674,1011,27,4999,12,2219,25,104,7952,2086],"class_list":{"0":"post-208465","1":"post","2":"type-post","3":"status-publish","4":"format-standard","5":"has-post-thumbnail","7":"category-bordeaux","8":"tag-actu","9":"tag-actualites","10":"tag-bordeaux","11":"tag-eu","12":"tag-europe","13":"tag-fr","14":"tag-france","15":"tag-keolis","16":"tag-news","17":"tag-nouvelle-aquitaine","18":"tag-republique-francaise","19":"tag-societe","20":"tag-tbm","21":"tag-travaux"},"share_on_mastodon":{"url":"https:\/\/pubeurope.com\/@fr\/114755646632682374","error":""},"_links":{"self":[{"href":"https:\/\/www.europesays.com\/fr\/wp-json\/wp\/v2\/posts\/208465","targetHints":{"allow":["GET"]}}],"collection":[{"href":"https:\/\/www.europesays.com\/fr\/wp-json\/wp\/v2\/posts"}],"about":[{"href":"https:\/\/www.europesays.com\/fr\/wp-json\/wp\/v2\/types\/post"}],"author":[{"embeddable":true,"href":"https:\/\/www.europesays.com\/fr\/wp-json\/wp\/v2\/users\/2"}],"replies":[{"embeddable":true,"href":"https:\/\/www.europesays.com\/fr\/wp-json\/wp\/v2\/comments?post=208465"}],"version-history":[{"count":0,"href":"https:\/\/www.europesays.com\/fr\/wp-json\/wp\/v2\/posts\/208465\/revisions"}],"wp:featuredmedia":[{"embeddable":true,"href":"https:\/\/www.europesays.com\/fr\/wp-json\/wp\/v2\/media\/208466"}],"wp:attachment":[{"href":"https:\/\/www.europesays.com\/fr\/wp-json\/wp\/v2\/media?parent=208465"}],"wp:term":[{"taxonomy":"category","embeddable":true,"href":"https:\/\/www.europesays.com\/fr\/wp-json\/wp\/v2\/categories?post=208465"},{"taxonomy":"post_tag","embeddable":true,"href":"https:\/\/www.europesays.com\/fr\/wp-json\/wp\/v2\/tags?post=208465"}],"curies":[{"name":"wp","href":"https:\/\/api.w.org\/{rel}","templated":true}]}}