{"id":208467,"date":"2025-06-27T13:49:21","date_gmt":"2025-06-27T13:49:21","guid":{"rendered":"https:\/\/www.europesays.com\/fr\/208467\/"},"modified":"2025-06-27T13:49:21","modified_gmt":"2025-06-27T13:49:21","slug":"le-retour-de-temperatures-suffocantes","status":"publish","type":"post","link":"https:\/\/www.europesays.com\/fr\/208467\/","title":{"rendered":"le retour de temp\u00e9ratures suffocantes"},"content":{"rendered":"<p>            Par<br \/>\n        <strong><br \/>\n            <a href=\"https:\/\/actu.fr\/auteur\/lea-afonso\" title=\"Consulter tous les articles de L\u00e9a Afonso\" rel=\"nofollow noopener\" target=\"_blank\">L\u00e9a Afonso<\/a><br \/>\n        <\/strong><\/p>\n<p>        Publi\u00e9 le<\/p>\n<p>            27 juin 2025 \u00e0 15h47        <\/p>\n<p>Il va faire chaud \u00e0 <a href=\"https:\/\/actu.fr\/toulouse\/\" rel=\"nofollow noopener\" target=\"_blank\">Toulouse<\/a>, d\u00e8s ce samedi 28\u00a0juin 2025 et cela devrait durer jusqu\u2019en milieu de semaine prochaine. Des <strong>records<\/strong> pourraient m\u00eame \u00eatre <strong>battus<\/strong>. On fait le point.<\/p>\n<p>Des temp\u00e9ratures \u00e9lev\u00e9es<\/p>\n<p class=\" wall-content\">Casquettes, bouteilles d\u2019eau et \u00e9ventails seront de rigueur pour les Toulousains qui poseront un pied dehors ces prochains jours. Effectivement, il va faire une chaleur \u00e9touffante dans la Ville rose d\u00e8s de week-end.<\/p>\n<p class=\" wall-content\">Selon les pr\u00e9visions de M\u00e9t\u00e9o France, il fera au maximum <strong>34\u00b0C et 35\u00b0C ce week-end<\/strong> des 28 et 29\u00a0juin 2025. Puis le mercure va monter en fl\u00e8che en d\u00e9but de semaine prochaine avec <strong>38\u00b0C et 39\u00b0C<\/strong> attendus au maximum <strong>les lundi 30\u00a0juin et mardi 1er\u00a0juillet<\/strong> (au moment de l\u2019\u00e9criture de cet article, NDLR).<\/p>\n<p class=\" wall-content\">\n<p class=\" wall-content\">Rappelons que les records de chaleur \u00e0 Toulouse sont de 36.7\u00b0C un 28\u00a0juin, 40.0\u00b0C un 29\u00a0juin, 37.0 un 30\u00a0juin et 35.0\u00b0C un 1er\u00a0juillet. Des <strong>records de chaleur<\/strong> journaliers pourraient donc \u00eatre <strong>battus<\/strong> en d\u00e9but de semaine prochaine.<\/p>\n<p>Vigilance jaune \u00e0 la canicule<\/p>\n<p class=\" wall-content\">Alors si Toulouse et toute la Haute-Garonne sont <strong>en vigilance jaune \u00e0 la canicule d\u00e8s ce samedi midi<\/strong>, cela devrait continuer pour les prochains jours comme l\u2019indique la Cha\u00eene m\u00e9t\u00e9o.<\/p>\n<p class=\" wall-content\">\n<p class=\" wall-content\">Un pic de chaleur \u00e0 l\u2019\u00e9chelle de la France enti\u00e8re, est notamment attendu pour les dimanche\u00a029, lundi\u00a030 et mardi 1er\u00a0juillet. \u00ab\u2009Un \u00e9pisode de canicule d\u00e9bute d\u00e8s ce week-end et se prolonge en d\u00e9but de semaine prochaine. <strong>Cette canicule s\u2019annonce tr\u00e8s intense<\/strong> pour une fin juin avec des pointes \u00e0 40\u00b0C possibles aussi bien au nord qu\u2019au sud\u2009\u00bb, indique la Cha\u00eene M\u00e9t\u00e9o.<\/p>\n<p>Vid\u00e9os : en ce moment sur Actu<\/p>\n<p class=\" wall-content\">\n<p class=\" wall-content\">Il faudra<strong> attendre le jeudi 3\u00a0juillet pour respirer de nouveau<\/strong> (un petit peu). 30\u00b0C au maximum sont attendus par M\u00e9t\u00e9o France dans la Ville rose, au moment de l\u2019\u00e9criture de cet article.<\/p>\n<p>Une chaleur qui va perdurer<\/p>\n<p class=\" wall-content\">Ces pr\u00e9visions pourraient bien \u00eatre celle d\u2019une bonne partie du mois de juillet. Les vigilances \u00e0 la canicule devraient s\u2019encha\u00eener en raison de la masse d\u2019air en altitude\u2009: \u00ab\u2009Au-del\u00e0 de la pr\u00e9cocit\u00e9 des temp\u00e9ratures records attendues, la masse d\u2019air en altitude sera bouillante, avec des anomalies \u00e0 +\u00a010\/+\u00a012\u00b0C \u00e0 850 hPa. Au sol, la barre des 40\u00b0C sera atteinte, voire d\u00e9pass\u00e9e sur plusieurs r\u00e9gions\u2009\u00bb, poursuit la Cha\u00eene m\u00e9t\u00e9o.<\/p>\n<p>Sous un d\u00f4me de chaleur<\/p>\n<p class=\" wall-content\">La France se situe dans ce que l\u2019on appelle un d\u00f4me de chaleur.<\/p>\n<p class=\" wall-content\">Si l\u2019on suit la d\u00e9finition \u00e9mise par M\u00e9t\u00e9o France, \u00ab\u2009un d\u00f4me de chaleur est une vaste zone anticyclonique \u00e0 tout \u00e9tage de l\u2019atmosph\u00e8re qui emprisonne l\u2019air d\u00e9j\u00e0 chaud et le r\u00e9chauffe par compression (un peu \u00e0 l\u2019image d\u2019une pompe \u00e0 v\u00e9lo)\u2009\u00bb.<\/p>\n<p class=\" wall-content\">\u00c7a c\u2019est pour la d\u00e9finition \u00ab\u2009officielle\u2009\u00bb du ph\u00e9nom\u00e8ne. Concr\u00e8tement, pour avoir un d\u00f4me de chaleur, il faut de l\u2019air chaud. Celui-ci\u00a0stagne et s\u2019\u00e9l\u00e8ve. Mais dans le m\u00eame temps, il se retrouve\u00a0compress\u00e9 par des hautes pressions\u00a0statiques en altitude.<\/p>\n<p class=\" wall-content\">Et, par effet de compression, l\u2019air, d\u00e9j\u00e0 chaud, va encore se r\u00e9chauffer. Si l\u2019on sch\u00e9matise, les hautes pressions font l\u2019effet d\u2019un couvercle fictif sous lequel la chaleur s\u2019accumule inlassablement.<\/p>\n<p>    <img   decoding=\"async\" loading=\"lazy\" src=\"https:\/\/www.europesays.com\/fr\/wp-content\/uploads\/2025\/06\/dome-de-chaleur-meteo-france-960x640-1-960x640.jpg\" alt=\"La France va \u00eatre touch\u00e9e par un d\u00f4me de chaleur d\u00e8s ce week-end et au moins jusqu\u2019\u00e0 mercredi. \" width=\"960\" height=\"640\"\/><br \/>\n    La France va \u00eatre touch\u00e9e par un d\u00f4me de chaleur d\u00e8s ce week-end et au moins jusqu\u2019\u00e0 mercredi. (\u00a9M\u00e9t\u00e9o France)Pas de nuage ni d\u2019air frais<\/p>\n<p class=\" wall-content\">Les hautes pressions emp\u00eachent l\u2019air chaud de s\u2019\u00e9chapper et forcent l\u2019air frais \u00e0 contourner la zone concern\u00e9e. Il fait donc extr\u00eamement chaud sous ce d\u00f4me.<\/p>\n<p class=\" wall-content\">Aussi, le d\u00f4me\u00a0bloque les perturbations.\u00a0Les nuages sont donc bloqu\u00e9s \u00e0 l\u2019ext\u00e9rieur de la cloche, ce qui les emp\u00eache de prot\u00e9ger le sol des rayons du soleil.<\/p>\n<p class=\" wall-content\">Forc\u00e9ment, \u00ab\u2009l\u2019atmosph\u00e8re s\u2019ass\u00e8che de plus en plus au sol\u2009\u00bb, pr\u00e9cise <strong>M\u00e9t\u00e9o France<\/strong>.<\/p>\n<p class=\" wall-content\">Suivez toute l\u2019actualit\u00e9 de vos villes et m\u00e9dias favoris en vous inscrivant \u00e0 <a href=\"https:\/\/moncompte.actu.fr\" title=\"D\u00e9couvez Mon Actu\" rel=\"nofollow noopener\" data-trk=\"{&quot;cta&quot;:{&quot;action&quot;:&quot;https:\\\/\\\/moncompte.actu.fr&quot;,&quot;category&quot;:&quot;mon compte&quot;,&quot;from&quot;:&quot;article footer&quot;,&quot;name&quot;:&quot;Mon actu&quot;,&quot;type&quot;:&quot;cta&quot;}}\" target=\"_blank\">Mon Actu<\/a>.<\/p>\n<ul class=\"ac-article-tag wall-content\">\n<li><a href=\"https:\/\/actu.fr\/tag\/meteo-france\" data-trk=\"{&quot;cta&quot;:{&quot;action&quot;:&quot;M\\u00e9t\\u00e9o France&quot;,&quot;category&quot;:&quot;tag&quot;,&quot;from&quot;:&quot;article footer&quot;,&quot;name&quot;:&quot;M\\u00e9t\\u00e9o France&quot;,&quot;type&quot;:&quot;cta&quot;}}\" rel=\"nofollow noopener\" target=\"_blank\">#M\u00e9t\u00e9o France<\/a><\/li>\n<li><a href=\"https:\/\/actu.fr\/tag\/vague-de-chaleur\" data-trk=\"{&quot;cta&quot;:{&quot;action&quot;:&quot;Vague de chaleur&quot;,&quot;category&quot;:&quot;tag&quot;,&quot;from&quot;:&quot;article footer&quot;,&quot;name&quot;:&quot;Vague de chaleur&quot;,&quot;type&quot;:&quot;cta&quot;}}\" rel=\"nofollow noopener\" target=\"_blank\">#Vague de chaleur<\/a><\/li>\n<\/ul>\n","protected":false},"excerpt":{"rendered":"Par L\u00e9a Afonso Publi\u00e9 le 27 juin 2025 \u00e0 15h47 Il va faire chaud \u00e0 Toulouse, d\u00e8s ce&hellip;\n","protected":false},"author":2,"featured_media":208468,"comment_status":"","ping_status":"","sticky":false,"template":"","format":"standard","meta":{"footnotes":""},"categories":[2816],"tags":[1111,11,1777,674,1011,27,2357,12,2680,25,104,2312,15637],"class_list":{"0":"post-208467","1":"post","2":"type-post","3":"status-publish","4":"format-standard","5":"has-post-thumbnail","7":"category-toulouse","8":"tag-actu","9":"tag-actualites","10":"tag-eu","11":"tag-europe","12":"tag-fr","13":"tag-france","14":"tag-meteo-france","15":"tag-news","16":"tag-occitanie","17":"tag-republique-francaise","18":"tag-societe","19":"tag-toulouse","20":"tag-vague-de-chaleur"},"share_on_mastodon":{"url":"https:\/\/pubeurope.com\/@fr\/114755650429943095","error":""},"_links":{"self":[{"href":"https:\/\/www.europesays.com\/fr\/wp-json\/wp\/v2\/posts\/208467","targetHints":{"allow":["GET"]}}],"collection":[{"href":"https:\/\/www.europesays.com\/fr\/wp-json\/wp\/v2\/posts"}],"about":[{"href":"https:\/\/www.europesays.com\/fr\/wp-json\/wp\/v2\/types\/post"}],"author":[{"embeddable":true,"href":"https:\/\/www.europesays.com\/fr\/wp-json\/wp\/v2\/users\/2"}],"replies":[{"embeddable":true,"href":"https:\/\/www.europesays.com\/fr\/wp-json\/wp\/v2\/comments?post=208467"}],"version-history":[{"count":0,"href":"https:\/\/www.europesays.com\/fr\/wp-json\/wp\/v2\/posts\/208467\/revisions"}],"wp:featuredmedia":[{"embeddable":true,"href":"https:\/\/www.europesays.com\/fr\/wp-json\/wp\/v2\/media\/208468"}],"wp:attachment":[{"href":"https:\/\/www.europesays.com\/fr\/wp-json\/wp\/v2\/media?parent=208467"}],"wp:term":[{"taxonomy":"category","embeddable":true,"href":"https:\/\/www.europesays.com\/fr\/wp-json\/wp\/v2\/categories?post=208467"},{"taxonomy":"post_tag","embeddable":true,"href":"https:\/\/www.europesays.com\/fr\/wp-json\/wp\/v2\/tags?post=208467"}],"curies":[{"name":"wp","href":"https:\/\/api.w.org\/{rel}","templated":true}]}}