{"id":208471,"date":"2025-06-27T13:51:11","date_gmt":"2025-06-27T13:51:11","guid":{"rendered":"https:\/\/www.europesays.com\/fr\/208471\/"},"modified":"2025-06-27T13:51:11","modified_gmt":"2025-06-27T13:51:11","slug":"esmod-roubaix-2025-les-plus-belles-photos-du-defile","status":"publish","type":"post","link":"https:\/\/www.europesays.com\/fr\/208471\/","title":{"rendered":"Esmod Roubaix 2025 : les plus belles photos du d\u00e9fil\u00e9"},"content":{"rendered":"<p class=\"introduction\">La mode a d\u00e9fil\u00e9 avec panache \u00e0 Roubaix ! \u00c0 l\u2019occasion des 30 ans de l\u2019\u00e9cole Esmod, les 53 \u00e9tudiant\u00b7es de la promotion 2025 ont pr\u00e9sent\u00e9 leurs cr\u00e9ations lors d\u2019un show spectaculaire, entre audace stylistique et engagement soci\u00e9tal.<\/p>\n<p data-start=\"495\" data-end=\"668\">D\u00e9construction des normes, fluidit\u00e9 des genres, r\u00e9interpr\u00e9tation des codes urbains\u2026 Chaque silhouette a racont\u00e9 une histoire forte, reflet d\u2019une jeunesse qui cr\u00e9e avec sens.<\/p>\n<p data-start=\"670\" data-end=\"825\">Retour en images sur ce <strong data-start=\"694\" data-end=\"743\">moment fort du festival des cultures urbaines<\/strong>, o\u00f9 la ville de Roubaix s\u2019est une fois encore impos\u00e9e comme <strong data-start=\"804\" data-end=\"824\">terre de talents<\/strong>.<\/p>\n<p data-start=\"827\" data-end=\"925\">\ud83d\udc49 <strong data-start=\"830\" data-end=\"869\">D\u00e9couvrir l\u2019album photo du d\u00e9fil\u00e9<\/strong><\/p>\n<p style=\"font-weight: 400;\">(Photos : Ana\u00efs Gadeau \u2013 Service Communication \u2013 Ville de Roubaix)<\/p>\n","protected":false},"excerpt":{"rendered":"La mode a d\u00e9fil\u00e9 avec panache \u00e0 Roubaix ! \u00c0 l\u2019occasion des 30 ans de l\u2019\u00e9cole Esmod, les&hellip;\n","protected":false},"author":2,"featured_media":208472,"comment_status":"","ping_status":"","sticky":false,"template":"","format":"standard","meta":{"footnotes":""},"categories":[2815],"tags":[1111,11,16694,1122,23276,1777,674,2087,849,1011,27,811,1307,985,12,25,22085],"class_list":{"0":"post-208471","1":"post","2":"type-post","3":"status-publish","4":"format-standard","5":"has-post-thumbnail","7":"category-lille","8":"tag-actu","9":"tag-actualites","10":"tag-defile","11":"tag-ecole","12":"tag-esmod","13":"tag-eu","14":"tag-europe","15":"tag-evenement","16":"tag-festival","17":"tag-fr","18":"tag-france","19":"tag-hauts-de-france","20":"tag-lille","21":"tag-mode","22":"tag-news","23":"tag-republique-francaise","24":"tag-urbx"},"share_on_mastodon":{"url":"https:\/\/pubeurope.com\/@fr\/114755658339395600","error":""},"_links":{"self":[{"href":"https:\/\/www.europesays.com\/fr\/wp-json\/wp\/v2\/posts\/208471","targetHints":{"allow":["GET"]}}],"collection":[{"href":"https:\/\/www.europesays.com\/fr\/wp-json\/wp\/v2\/posts"}],"about":[{"href":"https:\/\/www.europesays.com\/fr\/wp-json\/wp\/v2\/types\/post"}],"author":[{"embeddable":true,"href":"https:\/\/www.europesays.com\/fr\/wp-json\/wp\/v2\/users\/2"}],"replies":[{"embeddable":true,"href":"https:\/\/www.europesays.com\/fr\/wp-json\/wp\/v2\/comments?post=208471"}],"version-history":[{"count":0,"href":"https:\/\/www.europesays.com\/fr\/wp-json\/wp\/v2\/posts\/208471\/revisions"}],"wp:featuredmedia":[{"embeddable":true,"href":"https:\/\/www.europesays.com\/fr\/wp-json\/wp\/v2\/media\/208472"}],"wp:attachment":[{"href":"https:\/\/www.europesays.com\/fr\/wp-json\/wp\/v2\/media?parent=208471"}],"wp:term":[{"taxonomy":"category","embeddable":true,"href":"https:\/\/www.europesays.com\/fr\/wp-json\/wp\/v2\/categories?post=208471"},{"taxonomy":"post_tag","embeddable":true,"href":"https:\/\/www.europesays.com\/fr\/wp-json\/wp\/v2\/tags?post=208471"}],"curies":[{"name":"wp","href":"https:\/\/api.w.org\/{rel}","templated":true}]}}