{"id":208478,"date":"2025-06-27T13:55:15","date_gmt":"2025-06-27T13:55:15","guid":{"rendered":"https:\/\/www.europesays.com\/fr\/208478\/"},"modified":"2025-06-27T13:55:15","modified_gmt":"2025-06-27T13:55:15","slug":"et-il-reste-encore-des-places","status":"publish","type":"post","link":"https:\/\/www.europesays.com\/fr\/208478\/","title":{"rendered":"et il reste encore des places\u2026"},"content":{"rendered":"<p>Le traditionnel festival Lumi\u00e8re a annonc\u00e9 l\u2019ouverture de sa 17e \u00e9dition samedi 11\u00a0octobre, \u00e0 18\u00a0h, \u00e0 la Halle Tony-Garnier.<\/p>\n<p>  On attend la programmation<\/p>\n<p>La billetterie, ouverte depuis le 25\u00a0juin, n\u2019est pas compl\u00e8te, et il reste donc des places pour les retardataires. La programmation de cette grande soir\u00e9e, qui a toujours du succ\u00e8s, devrait \u00eatre annonc\u00e9e prochainement.<\/p>\n<p>Pour les fans de cin\u00e9ma, l\u2019accr\u00e9ditation est aussi disponible au prix de 14\u00a0\u20ac (gratuite pour les moins de 26 ans), elle permet des remises sur les s\u00e9ances et les \u00e9v\u00e8nements du festival.<\/p>\n<p>Le festival Lumi\u00e8re se d\u00e9roulera cette ann\u00e9e du 11 au 19\u00a0octobre.<\/p>\n<p class=\"note\">Places \u00e0 retrouver en ligne sur <a href=\"https:\/\/www.festival-lumiere.org\/\" target=\"_blank\" rel=\"noopener\">www.festival-lumiere.org<\/a>\u00a0ou \u00e0 l\u2019accueil de l\u2019Institut Lumi\u00e8re, 20, rue du Premier-Film, Lyon 8 e. Tarifs\u00a0: 20\u00a0\u20ac, 17\u00a0\u20ac pour les accr\u00e9dit\u00e9s.<\/p>\n","protected":false},"excerpt":{"rendered":"Le traditionnel festival Lumi\u00e8re a annonc\u00e9 l\u2019ouverture de sa 17e \u00e9dition samedi 11\u00a0octobre, \u00e0 18\u00a0h, \u00e0 la Halle&hellip;\n","protected":false},"author":2,"featured_media":208479,"comment_status":"","ping_status":"","sticky":false,"template":"","format":"standard","meta":{"footnotes":""},"categories":[1889],"tags":[1111,11,2430,650,6211,1687,2757,1777,674,34755,1011,27,2428,2756,12,2661,5486,25,2429],"class_list":{"0":"post-208478","1":"post","2":"type-post","3":"status-publish","4":"format-standard","5":"has-post-thumbnail","7":"category-lyon","8":"tag-actu","9":"tag-actualites","10":"tag-auvergne-rhone-alpes","11":"tag-cinema","12":"tag-conference","13":"tag-culture-loisirs","14":"tag-edition-lyon-villeurbanne","15":"tag-eu","16":"tag-europe","17":"tag-festival-lumiere","18":"tag-fr","19":"tag-france","20":"tag-lyon","21":"tag-lyon-bassin","22":"tag-news","23":"tag-patrimoine-culturel","24":"tag-rencontre","25":"tag-republique-francaise","26":"tag-rhone"},"share_on_mastodon":{"url":"https:\/\/pubeurope.com\/@fr\/114755674059590392","error":""},"_links":{"self":[{"href":"https:\/\/www.europesays.com\/fr\/wp-json\/wp\/v2\/posts\/208478","targetHints":{"allow":["GET"]}}],"collection":[{"href":"https:\/\/www.europesays.com\/fr\/wp-json\/wp\/v2\/posts"}],"about":[{"href":"https:\/\/www.europesays.com\/fr\/wp-json\/wp\/v2\/types\/post"}],"author":[{"embeddable":true,"href":"https:\/\/www.europesays.com\/fr\/wp-json\/wp\/v2\/users\/2"}],"replies":[{"embeddable":true,"href":"https:\/\/www.europesays.com\/fr\/wp-json\/wp\/v2\/comments?post=208478"}],"version-history":[{"count":0,"href":"https:\/\/www.europesays.com\/fr\/wp-json\/wp\/v2\/posts\/208478\/revisions"}],"wp:featuredmedia":[{"embeddable":true,"href":"https:\/\/www.europesays.com\/fr\/wp-json\/wp\/v2\/media\/208479"}],"wp:attachment":[{"href":"https:\/\/www.europesays.com\/fr\/wp-json\/wp\/v2\/media?parent=208478"}],"wp:term":[{"taxonomy":"category","embeddable":true,"href":"https:\/\/www.europesays.com\/fr\/wp-json\/wp\/v2\/categories?post=208478"},{"taxonomy":"post_tag","embeddable":true,"href":"https:\/\/www.europesays.com\/fr\/wp-json\/wp\/v2\/tags?post=208478"}],"curies":[{"name":"wp","href":"https:\/\/api.w.org\/{rel}","templated":true}]}}